{"id":4615,"date":"2024-12-02T13:42:31","date_gmt":"2024-12-02T12:42:31","guid":{"rendered":"https:\/\/agora.xtec.cat\/escolacampclar\/?p=4615"},"modified":"2024-12-02T13:54:54","modified_gmt":"2024-12-02T12:54:54","slug":"anem-a-tac12","status":"publish","type":"post","link":"https:\/\/agora.xtec.cat\/escolacampclar\/general\/anem-a-tac12\/","title":{"rendered":"Els alumnes de quart visiten TAC12"},"content":{"rendered":"<p>&nbsp;<\/p>\n<p>Els alumnes de quart han tingut l\u2019oportunitat de viure una experi\u00e8ncia \u00fanica al plat\u00f3 de la televisi\u00f3 local TAC12. Amb molta il\u00b7lusi\u00f3 i entusiasme, han gravat una nadala especial que podrem gaudir pr\u00f2ximament a la programaci\u00f3 de Nadal.<\/p>\n<p>Durant la visita, els alumnes han descobert com funciona un estudi de televisi\u00f3, han conegut els professionals que hi treballen i han viscut en primera persona els preparatius d&#8217;un rodatge. Aquesta activitat no nom\u00e9s ha estat una manera divertida de preparar Nadal, sin\u00f3 tamb\u00e9 una gran oportunitat per treballar la creativitat, el treball en equip i l\u2019expressi\u00f3 art\u00edstica.<\/p>\n<p>Volem agrair a TAC12 l\u2019acollida i la possibilitat d\u2019oferir als nostres alumnes una experi\u00e8ncia tan enriquidora. Estem segurs que aquesta nadala ser\u00e0 un record inoblidable per a tots!<\/p>\n<p>Estigueu atents per no perdre-us el resultat final. Segur que us encantar\u00e0! \ud83c\udf84\u2728<\/p>\n<p><a href=\"https:\/\/drive.google.com\/drive\/folders\/1Dpk9rOBgIcemEMwgbKHHfbFWFZt7EYTr?usp=sharing\" target=\"_blank\" rel=\"noopener\"><img loading=\"lazy\" decoding=\"async\" class=\"alignnone size-large wp-image-4617\" src=\"https:\/\/agora.xtec.cat\/escolacampclar\/wp-content\/uploads\/usu687\/2024\/12\/WhatsApp-Image-2024-11-28-at-12.31.29-2-1024x768.jpeg\" alt=\"\" width=\"1024\" height=\"768\" srcset=\"https:\/\/agora.xtec.cat\/escolacampclar\/wp-content\/uploads\/usu687\/2024\/12\/WhatsApp-Image-2024-11-28-at-12.31.29-2-1024x768.jpeg 1024w, https:\/\/agora.xtec.cat\/escolacampclar\/wp-content\/uploads\/usu687\/2024\/12\/WhatsApp-Image-2024-11-28-at-12.31.29-2-300x225.jpeg 300w, https:\/\/agora.xtec.cat\/escolacampclar\/wp-content\/uploads\/usu687\/2024\/12\/WhatsApp-Image-2024-11-28-at-12.31.29-2-768x576.jpeg 768w, https:\/\/agora.xtec.cat\/escolacampclar\/wp-content\/uploads\/usu687\/2024\/12\/WhatsApp-Image-2024-11-28-at-12.31.29-2-1536x1152.jpeg 1536w, https:\/\/agora.xtec.cat\/escolacampclar\/wp-content\/uploads\/usu687\/2024\/12\/WhatsApp-Image-2024-11-28-at-12.31.29-2-200x150.jpeg 200w, https:\/\/agora.xtec.cat\/escolacampclar\/wp-content\/uploads\/usu687\/2024\/12\/WhatsApp-Image-2024-11-28-at-12.31.29-2.jpeg 2048w\" sizes=\"auto, (max-width: 1024px) 100vw, 1024px\" \/><\/a><\/p>\n","protected":false},"excerpt":{"rendered":"<p>&nbsp;<br \/>\nEls alumnes de quart han tingut l\u2019oportunitat de viure una experi\u00e8ncia \u00fanica al plat\u00f3 de la televisi\u00f3 local TAC12. Amb molta il\u00b7lusi\u00f3 i entusiasme, han gravat una nadala especial que podrem gaudir pr\u00f2ximament a la programaci\u00f3 de Nadal.<br \/>\nDurant la visita, els alumnes han descobert com&hellip;  <a href=\"https:\/\/agora.xtec.cat\/escolacampclar\/general\/anem-a-tac12\/\" title=\"Read Els alumnes de quart visiten TAC12\">Llegeix m\u00e9s\u00bb<\/a><\/p>\n","protected":false},"author":30,"featured_media":4617,"comment_status":"open","ping_status":"closed","sticky":false,"template":"","format":"standard","meta":{"_bbp_topic_count":0,"_bbp_reply_count":0,"_bbp_total_topic_count":0,"_bbp_total_reply_count":0,"_bbp_voice_count":0,"_bbp_anonymous_reply_count":0,"_bbp_topic_count_hidden":0,"_bbp_reply_count_hidden":0,"_bbp_forum_subforum_count":0,"footnotes":""},"categories":[344,1,31],"tags":[],"class_list":["post-4615","post","type-post","status-publish","format-standard","has-post-thumbnail","hentry","category-escola-campclar","category-general","category-musica"],"post_mailing_queue_ids":[],"_links":{"self":[{"href":"https:\/\/agora.xtec.cat\/escolacampclar\/wp-json\/wp\/v2\/posts\/4615","targetHints":{"allow":["GET"]}}],"collection":[{"href":"https:\/\/agora.xtec.cat\/escolacampclar\/wp-json\/wp\/v2\/posts"}],"about":[{"href":"https:\/\/agora.xtec.cat\/escolacampclar\/wp-json\/wp\/v2\/types\/post"}],"author":[{"embeddable":true,"href":"https:\/\/agora.xtec.cat\/escolacampclar\/wp-json\/wp\/v2\/users\/30"}],"replies":[{"embeddable":true,"href":"https:\/\/agora.xtec.cat\/escolacampclar\/wp-json\/wp\/v2\/comments?post=4615"}],"version-history":[{"count":3,"href":"https:\/\/agora.xtec.cat\/escolacampclar\/wp-json\/wp\/v2\/posts\/4615\/revisions"}],"predecessor-version":[{"id":4620,"href":"https:\/\/agora.xtec.cat\/escolacampclar\/wp-json\/wp\/v2\/posts\/4615\/revisions\/4620"}],"wp:featuredmedia":[{"embeddable":true,"href":"https:\/\/agora.xtec.cat\/escolacampclar\/wp-json\/wp\/v2\/media\/4617"}],"wp:attachment":[{"href":"https:\/\/agora.xtec.cat\/escolacampclar\/wp-json\/wp\/v2\/media?parent=4615"}],"wp:term":[{"taxonomy":"category","embeddable":true,"href":"https:\/\/agora.xtec.cat\/escolacampclar\/wp-json\/wp\/v2\/categories?post=4615"},{"taxonomy":"post_tag","embeddable":true,"href":"https:\/\/agora.xtec.cat\/escolacampclar\/wp-json\/wp\/v2\/tags?post=4615"}],"curies":[{"name":"wp","href":"https:\/\/api.w.org\/{rel}","templated":true}]}}