{"id":4610,"date":"2024-12-02T13:31:49","date_gmt":"2024-12-02T12:31:49","guid":{"rendered":"https:\/\/agora.xtec.cat\/escolacampclar\/?p=4610"},"modified":"2024-12-02T13:32:56","modified_gmt":"2024-12-02T12:32:56","slug":"jornada-especial-a-lanella-olimpica","status":"publish","type":"post","link":"https:\/\/agora.xtec.cat\/escolacampclar\/general\/jornada-especial-a-lanella-olimpica\/","title":{"rendered":"Jornada especial a l&#8217;anella Ol\u00edmpica."},"content":{"rendered":"<p>Els alumnes del Cicle Formatiu de Grau Mitj\u00e0 en Guia de Muntanya i Temps de Lleure han organitzat una jornada molt especial per als alumnes de quart i sis\u00e8 de la nostra escola. Aquesta activitat ens ha perm\u00e8s seguir aprofundint en valors essencials de l\u2019esport, com el treball col\u00b7laboratiu, el respecte, la superaci\u00f3 personal i la solidaritat, tot vivint una experi\u00e8ncia \u00fanica a l\u2019Anella Ol\u00edmpica. Ha estat una jornada plena d\u2019aprenentatges i diversi\u00f3 que recordarem amb molta il\u00b7lusi\u00f3. Moltes gr\u00e0cies a l\u2019Institut Cal\u00b7l\u00edpolis per fer-ho possible!<\/p>\n<p><em><strong>CLICAR A LA FOTO, PER A VEURE&#8217;N M\u00c9S<\/strong><\/em><\/p>\n<p>&nbsp;<\/p>\n<p><a href=\"https:\/\/drive.google.com\/drive\/folders\/1l2PDO-4P4dWJfj-aCpiOLwD1yYzcPEwp?usp=sharing\" target=\"_blank\" rel=\"noopener\"><img loading=\"lazy\" decoding=\"async\" class=\"alignnone size-large wp-image-4612\" src=\"https:\/\/agora.xtec.cat\/escolacampclar\/wp-content\/uploads\/usu687\/2024\/12\/WhatsApp-Image-2024-11-28-at-17.21.07-1024x768.jpeg\" alt=\"\" width=\"1024\" height=\"768\" srcset=\"https:\/\/agora.xtec.cat\/escolacampclar\/wp-content\/uploads\/usu687\/2024\/12\/WhatsApp-Image-2024-11-28-at-17.21.07-1024x768.jpeg 1024w, https:\/\/agora.xtec.cat\/escolacampclar\/wp-content\/uploads\/usu687\/2024\/12\/WhatsApp-Image-2024-11-28-at-17.21.07-300x225.jpeg 300w, https:\/\/agora.xtec.cat\/escolacampclar\/wp-content\/uploads\/usu687\/2024\/12\/WhatsApp-Image-2024-11-28-at-17.21.07-768x576.jpeg 768w, https:\/\/agora.xtec.cat\/escolacampclar\/wp-content\/uploads\/usu687\/2024\/12\/WhatsApp-Image-2024-11-28-at-17.21.07-1536x1152.jpeg 1536w, https:\/\/agora.xtec.cat\/escolacampclar\/wp-content\/uploads\/usu687\/2024\/12\/WhatsApp-Image-2024-11-28-at-17.21.07-200x150.jpeg 200w, https:\/\/agora.xtec.cat\/escolacampclar\/wp-content\/uploads\/usu687\/2024\/12\/WhatsApp-Image-2024-11-28-at-17.21.07.jpeg 2048w\" sizes=\"auto, (max-width: 1024px) 100vw, 1024px\" \/><\/a><\/p>\n","protected":false},"excerpt":{"rendered":"<p>Els alumnes del Cicle Formatiu de Grau Mitj\u00e0 en Guia de Muntanya i Temps de Lleure han organitzat una jornada molt especial per als alumnes de quart i sis\u00e8 de la nostra escola. Aquesta activitat ens ha perm\u00e8s seguir aprofundint en valors essencials de l\u2019esport,&hellip;  <a href=\"https:\/\/agora.xtec.cat\/escolacampclar\/general\/jornada-especial-a-lanella-olimpica\/\" title=\"Read Jornada especial a l&#8217;anella Ol\u00edmpica.\">Llegeix m\u00e9s\u00bb<\/a><\/p>\n","protected":false},"author":30,"featured_media":4612,"comment_status":"open","ping_status":"closed","sticky":false,"template":"","format":"standard","meta":{"_bbp_topic_count":0,"_bbp_reply_count":0,"_bbp_total_topic_count":0,"_bbp_total_reply_count":0,"_bbp_voice_count":0,"_bbp_anonymous_reply_count":0,"_bbp_topic_count_hidden":0,"_bbp_reply_count_hidden":0,"_bbp_forum_subforum_count":0,"footnotes":""},"categories":[1],"tags":[],"class_list":["post-4610","post","type-post","status-publish","format-standard","has-post-thumbnail","hentry","category-general"],"post_mailing_queue_ids":[],"_links":{"self":[{"href":"https:\/\/agora.xtec.cat\/escolacampclar\/wp-json\/wp\/v2\/posts\/4610","targetHints":{"allow":["GET"]}}],"collection":[{"href":"https:\/\/agora.xtec.cat\/escolacampclar\/wp-json\/wp\/v2\/posts"}],"about":[{"href":"https:\/\/agora.xtec.cat\/escolacampclar\/wp-json\/wp\/v2\/types\/post"}],"author":[{"embeddable":true,"href":"https:\/\/agora.xtec.cat\/escolacampclar\/wp-json\/wp\/v2\/users\/30"}],"replies":[{"embeddable":true,"href":"https:\/\/agora.xtec.cat\/escolacampclar\/wp-json\/wp\/v2\/comments?post=4610"}],"version-history":[{"count":2,"href":"https:\/\/agora.xtec.cat\/escolacampclar\/wp-json\/wp\/v2\/posts\/4610\/revisions"}],"predecessor-version":[{"id":4614,"href":"https:\/\/agora.xtec.cat\/escolacampclar\/wp-json\/wp\/v2\/posts\/4610\/revisions\/4614"}],"wp:featuredmedia":[{"embeddable":true,"href":"https:\/\/agora.xtec.cat\/escolacampclar\/wp-json\/wp\/v2\/media\/4612"}],"wp:attachment":[{"href":"https:\/\/agora.xtec.cat\/escolacampclar\/wp-json\/wp\/v2\/media?parent=4610"}],"wp:term":[{"taxonomy":"category","embeddable":true,"href":"https:\/\/agora.xtec.cat\/escolacampclar\/wp-json\/wp\/v2\/categories?post=4610"},{"taxonomy":"post_tag","embeddable":true,"href":"https:\/\/agora.xtec.cat\/escolacampclar\/wp-json\/wp\/v2\/tags?post=4610"}],"curies":[{"name":"wp","href":"https:\/\/api.w.org\/{rel}","templated":true}]}}