{"id":4606,"date":"2024-12-02T10:41:54","date_gmt":"2024-12-02T09:41:54","guid":{"rendered":"https:\/\/agora.xtec.cat\/escolacampclar\/?p=4606"},"modified":"2024-12-02T10:48:55","modified_gmt":"2024-12-02T09:48:55","slug":"parlem-de-pantalles","status":"publish","type":"post","link":"https:\/\/agora.xtec.cat\/escolacampclar\/general\/parlem-de-pantalles\/","title":{"rendered":"PARLEM DE PANTALLES"},"content":{"rendered":"<p>Els divendres 22 i 29 de novembre, la Tere Zaplana i la Matilde Juan, des del programa <strong>Connecta amb els teus fills<\/strong>, van portar a terme dos tallers per parlar del tema de les addiccions a les pantalles. En aquestes xerrades es van donar estrat\u00e8gies per limitar el temps i l&#8217;\u00fas dels dispositius tot insistint en la parentalitat positiva. Les mares assistents van fer molt bona valoraci\u00f3 dels tallers i els van trobar molt \u00fatils per aplicar-los amb els seus fills i filles. <a href=\"https:\/\/drive.google.com\/drive\/folders\/1m2bWlSKEnUZou8pYE13dq7Etp6SJQY-5?usp=sharing\">Podeu veure algunes fotos AQU\u00cd<\/a><\/p>\n","protected":false},"excerpt":{"rendered":"<p>Els divendres 22 i 29 de novembre, la Tere Zaplana i la Matilde Juan, des del programa Connecta amb els teus fills, van portar a terme dos tallers per parlar del tema de les addiccions a les pantalles. En aquestes xerrades es van donar estrat\u00e8gies&hellip;  <a href=\"https:\/\/agora.xtec.cat\/escolacampclar\/general\/parlem-de-pantalles\/\" title=\"Read PARLEM DE PANTALLES\">Llegeix m\u00e9s\u00bb<\/a><\/p>\n","protected":false},"author":26,"featured_media":4609,"comment_status":"open","ping_status":"closed","sticky":false,"template":"","format":"standard","meta":{"_bbp_topic_count":0,"_bbp_reply_count":0,"_bbp_total_topic_count":0,"_bbp_total_reply_count":0,"_bbp_voice_count":0,"_bbp_anonymous_reply_count":0,"_bbp_topic_count_hidden":0,"_bbp_reply_count_hidden":0,"_bbp_forum_subforum_count":0,"footnotes":""},"categories":[1],"tags":[],"class_list":["post-4606","post","type-post","status-publish","format-standard","has-post-thumbnail","hentry","category-general"],"post_mailing_queue_ids":[],"_links":{"self":[{"href":"https:\/\/agora.xtec.cat\/escolacampclar\/wp-json\/wp\/v2\/posts\/4606","targetHints":{"allow":["GET"]}}],"collection":[{"href":"https:\/\/agora.xtec.cat\/escolacampclar\/wp-json\/wp\/v2\/posts"}],"about":[{"href":"https:\/\/agora.xtec.cat\/escolacampclar\/wp-json\/wp\/v2\/types\/post"}],"author":[{"embeddable":true,"href":"https:\/\/agora.xtec.cat\/escolacampclar\/wp-json\/wp\/v2\/users\/26"}],"replies":[{"embeddable":true,"href":"https:\/\/agora.xtec.cat\/escolacampclar\/wp-json\/wp\/v2\/comments?post=4606"}],"version-history":[{"count":1,"href":"https:\/\/agora.xtec.cat\/escolacampclar\/wp-json\/wp\/v2\/posts\/4606\/revisions"}],"predecessor-version":[{"id":4608,"href":"https:\/\/agora.xtec.cat\/escolacampclar\/wp-json\/wp\/v2\/posts\/4606\/revisions\/4608"}],"wp:featuredmedia":[{"embeddable":true,"href":"https:\/\/agora.xtec.cat\/escolacampclar\/wp-json\/wp\/v2\/media\/4609"}],"wp:attachment":[{"href":"https:\/\/agora.xtec.cat\/escolacampclar\/wp-json\/wp\/v2\/media?parent=4606"}],"wp:term":[{"taxonomy":"category","embeddable":true,"href":"https:\/\/agora.xtec.cat\/escolacampclar\/wp-json\/wp\/v2\/categories?post=4606"},{"taxonomy":"post_tag","embeddable":true,"href":"https:\/\/agora.xtec.cat\/escolacampclar\/wp-json\/wp\/v2\/tags?post=4606"}],"curies":[{"name":"wp","href":"https:\/\/api.w.org\/{rel}","templated":true}]}}