{"id":4602,"date":"2024-11-29T09:06:29","date_gmt":"2024-11-29T08:06:29","guid":{"rendered":"https:\/\/agora.xtec.cat\/escolacampclar\/?p=4602"},"modified":"2024-11-29T09:12:08","modified_gmt":"2024-11-29T08:12:08","slug":"enregistrament-canco-a-5e","status":"publish","type":"post","link":"https:\/\/agora.xtec.cat\/escolacampclar\/general\/enregistrament-canco-a-5e\/","title":{"rendered":"ENREGISTRAMENT CAN\u00c7\u00d3 A 5\u00e8"},"content":{"rendered":"<p>Ahir els nens i nenes de 5\u00e8 de prim\u00e0ria han anat de sortida al Camp d&#8217;Aprenentatge Pau Casals situat al Vendrell. All\u00ed han realitzat tres tallers diferents.<\/p>\n<p>En primer lloc han enregistrat la can\u00e7\u00f3 &#8220;Vaig Aprendre&#8221;, la qual han estat treballant al llarg del trimestre com activitat inclosa dins del projecte de Treball Globalitzat sobre l&#8217;obra liter\u00e0ria &#8220;El Petit pr\u00edncep&#8221;. Al segon taller, han experimentat mitjan\u00e7ant diferents instruments, les qualitats del so i les diferents tessitures de la veu. Per acabar, han dibuixat i pintat la portada de la can\u00e7\u00f3 que havien enregistrat pr\u00e8viament. Ha estat una sortida on l&#8217;alumnat ha gaudit molt de l&#8217;experi\u00e8ncia de viure en primera persona el proc\u00e9s de gravaci\u00f3 d&#8217;una can\u00e7\u00f3 a un estudi professional.<\/p>\n<p><a href=\"https:\/\/drive.google.com\/drive\/folders\/1AwKxOqRBsx9xVTuxFGfcMPxZcKDYLmZE\">Us deixem unes imatges<\/a> i <a href=\"https:\/\/cdapaucasals.com\/releases\/escola-campclar-2024-25\/\">l&#8217;enlla\u00e7 a la p\u00e0gina web del Cda Pau Casals<\/a>, on podeu escoltar el resultat final de la can\u00e7\u00f3.<\/p>\n","protected":false},"excerpt":{"rendered":"<p>Ahir els nens i nenes de 5\u00e8 de prim\u00e0ria han anat de sortida al Camp d&#8217;Aprenentatge Pau Casals situat al Vendrell. All\u00ed han realitzat tres tallers diferents.<br \/>\nEn primer lloc han enregistrat la can\u00e7\u00f3 &#8220;Vaig Aprendre&#8221;, la qual han estat treballant al llarg del trimestre com&hellip;  <a href=\"https:\/\/agora.xtec.cat\/escolacampclar\/general\/enregistrament-canco-a-5e\/\" title=\"Read ENREGISTRAMENT CAN\u00c7\u00d3 A 5\u00e8\">Llegeix m\u00e9s\u00bb<\/a><\/p>\n","protected":false},"author":26,"featured_media":4603,"comment_status":"open","ping_status":"closed","sticky":false,"template":"","format":"standard","meta":{"_bbp_topic_count":0,"_bbp_reply_count":0,"_bbp_total_topic_count":0,"_bbp_total_reply_count":0,"_bbp_voice_count":0,"_bbp_anonymous_reply_count":0,"_bbp_topic_count_hidden":0,"_bbp_reply_count_hidden":0,"_bbp_forum_subforum_count":0,"footnotes":""},"categories":[1],"tags":[],"class_list":["post-4602","post","type-post","status-publish","format-standard","has-post-thumbnail","hentry","category-general"],"post_mailing_queue_ids":[],"_links":{"self":[{"href":"https:\/\/agora.xtec.cat\/escolacampclar\/wp-json\/wp\/v2\/posts\/4602","targetHints":{"allow":["GET"]}}],"collection":[{"href":"https:\/\/agora.xtec.cat\/escolacampclar\/wp-json\/wp\/v2\/posts"}],"about":[{"href":"https:\/\/agora.xtec.cat\/escolacampclar\/wp-json\/wp\/v2\/types\/post"}],"author":[{"embeddable":true,"href":"https:\/\/agora.xtec.cat\/escolacampclar\/wp-json\/wp\/v2\/users\/26"}],"replies":[{"embeddable":true,"href":"https:\/\/agora.xtec.cat\/escolacampclar\/wp-json\/wp\/v2\/comments?post=4602"}],"version-history":[{"count":2,"href":"https:\/\/agora.xtec.cat\/escolacampclar\/wp-json\/wp\/v2\/posts\/4602\/revisions"}],"predecessor-version":[{"id":4605,"href":"https:\/\/agora.xtec.cat\/escolacampclar\/wp-json\/wp\/v2\/posts\/4602\/revisions\/4605"}],"wp:featuredmedia":[{"embeddable":true,"href":"https:\/\/agora.xtec.cat\/escolacampclar\/wp-json\/wp\/v2\/media\/4603"}],"wp:attachment":[{"href":"https:\/\/agora.xtec.cat\/escolacampclar\/wp-json\/wp\/v2\/media?parent=4602"}],"wp:term":[{"taxonomy":"category","embeddable":true,"href":"https:\/\/agora.xtec.cat\/escolacampclar\/wp-json\/wp\/v2\/categories?post=4602"},{"taxonomy":"post_tag","embeddable":true,"href":"https:\/\/agora.xtec.cat\/escolacampclar\/wp-json\/wp\/v2\/tags?post=4602"}],"curies":[{"name":"wp","href":"https:\/\/api.w.org\/{rel}","templated":true}]}}