{"id":4597,"date":"2024-11-28T16:27:20","date_gmt":"2024-11-28T15:27:20","guid":{"rendered":"https:\/\/agora.xtec.cat\/escolacampclar\/?p=4597"},"modified":"2024-11-28T16:28:31","modified_gmt":"2024-11-28T15:28:31","slug":"contes-que-porta-el-vent","status":"publish","type":"post","link":"https:\/\/agora.xtec.cat\/escolacampclar\/general\/contes-que-porta-el-vent\/","title":{"rendered":"CONTES QUE PORTA EL VENT"},"content":{"rendered":"<p>Dilluns vam rebre la visita de Cuentopr\u00eda i ens van fer una lectura teatralitzada d&#8217;alguns contes que van explicar diferents\u00a0 fam\u00edlies de la zona. Aquest projecte recull i edita aquests contes en un llibre fant\u00e0stic anomenat &#8220;CONTES QUE PORTA EL VENT&#8221; i <span class=\"il\">que<\/span> parlen de processos migratoris i hist\u00f2ries de vida d&#8217;algunes de les nostres fam\u00edlies i de diferents cultures del m\u00f3n. Va ser molt enriquidor i un gran exemple pels nostres infants. Agra\u00efm la implicaci\u00f3 de les nostres fam\u00edlies que van participar de manera activa en el projecte. <a href=\"https:\/\/drive.google.com\/drive\/folders\/1ZwVG1WpL3OT7k4BkepJdwIJ1MAS6s2GE?usp=sharing\">Podeu veure les fotos AQU\u00cd<\/a><\/p>\n","protected":false},"excerpt":{"rendered":"<p>Dilluns vam rebre la visita de Cuentopr\u00eda i ens van fer una lectura teatralitzada d&#8217;alguns contes que van explicar diferents\u00a0 fam\u00edlies de la zona. Aquest projecte recull i edita aquests contes en un llibre fant\u00e0stic anomenat &#8220;CONTES QUE PORTA EL VENT&#8221; i que parlen de&hellip;  <a href=\"https:\/\/agora.xtec.cat\/escolacampclar\/general\/contes-que-porta-el-vent\/\" title=\"Read CONTES QUE PORTA EL VENT\">Llegeix m\u00e9s\u00bb<\/a><\/p>\n","protected":false},"author":26,"featured_media":4598,"comment_status":"open","ping_status":"closed","sticky":false,"template":"","format":"standard","meta":{"_bbp_topic_count":0,"_bbp_reply_count":0,"_bbp_total_topic_count":0,"_bbp_total_reply_count":0,"_bbp_voice_count":0,"_bbp_anonymous_reply_count":0,"_bbp_topic_count_hidden":0,"_bbp_reply_count_hidden":0,"_bbp_forum_subforum_count":0,"footnotes":""},"categories":[1],"tags":[],"class_list":["post-4597","post","type-post","status-publish","format-standard","has-post-thumbnail","hentry","category-general"],"post_mailing_queue_ids":[],"_links":{"self":[{"href":"https:\/\/agora.xtec.cat\/escolacampclar\/wp-json\/wp\/v2\/posts\/4597","targetHints":{"allow":["GET"]}}],"collection":[{"href":"https:\/\/agora.xtec.cat\/escolacampclar\/wp-json\/wp\/v2\/posts"}],"about":[{"href":"https:\/\/agora.xtec.cat\/escolacampclar\/wp-json\/wp\/v2\/types\/post"}],"author":[{"embeddable":true,"href":"https:\/\/agora.xtec.cat\/escolacampclar\/wp-json\/wp\/v2\/users\/26"}],"replies":[{"embeddable":true,"href":"https:\/\/agora.xtec.cat\/escolacampclar\/wp-json\/wp\/v2\/comments?post=4597"}],"version-history":[{"count":2,"href":"https:\/\/agora.xtec.cat\/escolacampclar\/wp-json\/wp\/v2\/posts\/4597\/revisions"}],"predecessor-version":[{"id":4600,"href":"https:\/\/agora.xtec.cat\/escolacampclar\/wp-json\/wp\/v2\/posts\/4597\/revisions\/4600"}],"wp:featuredmedia":[{"embeddable":true,"href":"https:\/\/agora.xtec.cat\/escolacampclar\/wp-json\/wp\/v2\/media\/4598"}],"wp:attachment":[{"href":"https:\/\/agora.xtec.cat\/escolacampclar\/wp-json\/wp\/v2\/media?parent=4597"}],"wp:term":[{"taxonomy":"category","embeddable":true,"href":"https:\/\/agora.xtec.cat\/escolacampclar\/wp-json\/wp\/v2\/categories?post=4597"},{"taxonomy":"post_tag","embeddable":true,"href":"https:\/\/agora.xtec.cat\/escolacampclar\/wp-json\/wp\/v2\/tags?post=4597"}],"curies":[{"name":"wp","href":"https:\/\/api.w.org\/{rel}","templated":true}]}}