{"id":4586,"date":"2024-11-21T19:31:48","date_gmt":"2024-11-21T18:31:48","guid":{"rendered":"https:\/\/agora.xtec.cat\/escolacampclar\/?p=4586"},"modified":"2024-11-22T11:51:01","modified_gmt":"2024-11-22T10:51:01","slug":"la-setmana-de-la-ciencia","status":"publish","type":"post","link":"https:\/\/agora.xtec.cat\/escolacampclar\/general\/la-setmana-de-la-ciencia\/","title":{"rendered":"La Setmana de la Ci\u00e8ncia"},"content":{"rendered":"<p><strong>La Setmana de la Ci\u00e8ncia a la nostra escola<\/strong><\/p>\n<p>Aquesta setmana, els alumnes de prim\u00e0ria i infantil han viscut la ci\u00e8ncia d\u2019una manera pr\u00e0ctica i emocionant. A trav\u00e9s d\u2019experiments adaptats al curr\u00edculum, han descobert conceptes cient\u00edfics mentre desenvolupaven el pensament cr\u00edtic i la curiositat. Des de l&#8217;observaci\u00f3 de reaccions qu\u00edmiques fins a diferents demostracions, cada activitat ha estat una oportunitat per aprendre de manera l\u00fadica i significativa. Ha estat una setmana plena d\u2019aprenentatges i descobertes!<\/p>\n<p><a href=\"https:\/\/drive.google.com\/drive\/folders\/1-U4RNbe9NWTF9v6LRrACID0i5Vgkd1Ol?usp=sharing\" target=\"_blank\" rel=\"noopener\"><img loading=\"lazy\" decoding=\"async\" class=\"alignnone size-large wp-image-4584\" src=\"https:\/\/agora.xtec.cat\/escolacampclar\/wp-content\/uploads\/usu687\/2024\/11\/WhatsApp-Image-2024-11-19-at-17.23.25-2-1024x768.jpeg\" alt=\"\" width=\"1024\" height=\"768\" srcset=\"https:\/\/agora.xtec.cat\/escolacampclar\/wp-content\/uploads\/usu687\/2024\/11\/WhatsApp-Image-2024-11-19-at-17.23.25-2-1024x768.jpeg 1024w, https:\/\/agora.xtec.cat\/escolacampclar\/wp-content\/uploads\/usu687\/2024\/11\/WhatsApp-Image-2024-11-19-at-17.23.25-2-300x225.jpeg 300w, https:\/\/agora.xtec.cat\/escolacampclar\/wp-content\/uploads\/usu687\/2024\/11\/WhatsApp-Image-2024-11-19-at-17.23.25-2-768x576.jpeg 768w, https:\/\/agora.xtec.cat\/escolacampclar\/wp-content\/uploads\/usu687\/2024\/11\/WhatsApp-Image-2024-11-19-at-17.23.25-2-1536x1152.jpeg 1536w, https:\/\/agora.xtec.cat\/escolacampclar\/wp-content\/uploads\/usu687\/2024\/11\/WhatsApp-Image-2024-11-19-at-17.23.25-2-200x150.jpeg 200w, https:\/\/agora.xtec.cat\/escolacampclar\/wp-content\/uploads\/usu687\/2024\/11\/WhatsApp-Image-2024-11-19-at-17.23.25-2.jpeg 1600w\" sizes=\"auto, (max-width: 1024px) 100vw, 1024px\" \/><\/a><\/p>\n","protected":false},"excerpt":{"rendered":"<p>La Setmana de la Ci\u00e8ncia a la nostra escola<br \/>\nAquesta setmana, els alumnes de prim\u00e0ria i infantil han viscut la ci\u00e8ncia d\u2019una manera pr\u00e0ctica i emocionant. A trav\u00e9s d\u2019experiments adaptats al curr\u00edculum, han descobert conceptes cient\u00edfics mentre desenvolupaven el pensament cr\u00edtic i la curiositat. Des de&hellip;  <a href=\"https:\/\/agora.xtec.cat\/escolacampclar\/general\/la-setmana-de-la-ciencia\/\" title=\"Read La Setmana de la Ci\u00e8ncia\">Llegeix m\u00e9s\u00bb<\/a><\/p>\n","protected":false},"author":30,"featured_media":4584,"comment_status":"open","ping_status":"closed","sticky":false,"template":"","format":"standard","meta":{"_bbp_topic_count":0,"_bbp_reply_count":0,"_bbp_total_topic_count":0,"_bbp_total_reply_count":0,"_bbp_voice_count":0,"_bbp_anonymous_reply_count":0,"_bbp_topic_count_hidden":0,"_bbp_reply_count_hidden":0,"_bbp_forum_subforum_count":0,"footnotes":""},"categories":[1],"tags":[],"class_list":["post-4586","post","type-post","status-publish","format-standard","has-post-thumbnail","hentry","category-general"],"post_mailing_queue_ids":[],"_links":{"self":[{"href":"https:\/\/agora.xtec.cat\/escolacampclar\/wp-json\/wp\/v2\/posts\/4586","targetHints":{"allow":["GET"]}}],"collection":[{"href":"https:\/\/agora.xtec.cat\/escolacampclar\/wp-json\/wp\/v2\/posts"}],"about":[{"href":"https:\/\/agora.xtec.cat\/escolacampclar\/wp-json\/wp\/v2\/types\/post"}],"author":[{"embeddable":true,"href":"https:\/\/agora.xtec.cat\/escolacampclar\/wp-json\/wp\/v2\/users\/30"}],"replies":[{"embeddable":true,"href":"https:\/\/agora.xtec.cat\/escolacampclar\/wp-json\/wp\/v2\/comments?post=4586"}],"version-history":[{"count":4,"href":"https:\/\/agora.xtec.cat\/escolacampclar\/wp-json\/wp\/v2\/posts\/4586\/revisions"}],"predecessor-version":[{"id":4592,"href":"https:\/\/agora.xtec.cat\/escolacampclar\/wp-json\/wp\/v2\/posts\/4586\/revisions\/4592"}],"wp:featuredmedia":[{"embeddable":true,"href":"https:\/\/agora.xtec.cat\/escolacampclar\/wp-json\/wp\/v2\/media\/4584"}],"wp:attachment":[{"href":"https:\/\/agora.xtec.cat\/escolacampclar\/wp-json\/wp\/v2\/media?parent=4586"}],"wp:term":[{"taxonomy":"category","embeddable":true,"href":"https:\/\/agora.xtec.cat\/escolacampclar\/wp-json\/wp\/v2\/categories?post=4586"},{"taxonomy":"post_tag","embeddable":true,"href":"https:\/\/agora.xtec.cat\/escolacampclar\/wp-json\/wp\/v2\/tags?post=4586"}],"curies":[{"name":"wp","href":"https:\/\/api.w.org\/{rel}","templated":true}]}}