{"id":4578,"date":"2024-11-08T14:13:11","date_gmt":"2024-11-08T13:13:11","guid":{"rendered":"https:\/\/agora.xtec.cat\/escolacampclar\/?p=4578"},"modified":"2024-11-08T14:14:29","modified_gmt":"2024-11-08T13:14:29","slug":"la-castanyada-6","status":"publish","type":"post","link":"https:\/\/agora.xtec.cat\/escolacampclar\/general\/la-castanyada-6\/","title":{"rendered":"LA CASTANYADA"},"content":{"rendered":"<p><a href=\"https:\/\/agora.xtec.cat\/escolacampclar\/wp-content\/uploads\/usu687\/2024\/11\/La-Castanyada-scaled.jpg\"><img loading=\"lazy\" decoding=\"async\" class=\"alignnone size-large wp-image-4579\" src=\"https:\/\/agora.xtec.cat\/escolacampclar\/wp-content\/uploads\/usu687\/2024\/11\/La-Castanyada-1024x512.jpg\" alt=\"\" width=\"1024\" height=\"512\" srcset=\"https:\/\/agora.xtec.cat\/escolacampclar\/wp-content\/uploads\/usu687\/2024\/11\/La-Castanyada-1024x512.jpg 1024w, https:\/\/agora.xtec.cat\/escolacampclar\/wp-content\/uploads\/usu687\/2024\/11\/La-Castanyada-300x150.jpg 300w, https:\/\/agora.xtec.cat\/escolacampclar\/wp-content\/uploads\/usu687\/2024\/11\/La-Castanyada-768x384.jpg 768w, https:\/\/agora.xtec.cat\/escolacampclar\/wp-content\/uploads\/usu687\/2024\/11\/La-Castanyada-1536x768.jpg 1536w, https:\/\/agora.xtec.cat\/escolacampclar\/wp-content\/uploads\/usu687\/2024\/11\/La-Castanyada-2048x1024.jpg 2048w\" sizes=\"auto, (max-width: 1024px) 100vw, 1024px\" \/><\/a><\/p>\n<p><span style=\"font-family: Arial, sans-serif;\">Dijous, 31 d\u2019octubre, la Castanyera va arribar de ben lluny per celebrar amb el nostre alumnat la festa de la Castanyada.<\/span><\/p>\n<p><span style=\"font-family: Arial, sans-serif;\">Vam menjar castanyes i panellets i vam gaudir d\u2019all\u00f2 m\u00e9s, tot ballant les can\u00e7ons de la tardor.<\/span><\/p>\n<p><span style=\"font-family: Arial, sans-serif;\">Moltes gr\u00e0cies a l\u2019AMPA per la seva col\u00b7laboraci\u00f3.<\/span><\/p>\n<p>Per veure les fotos cliqueu\u00a0<a href=\"https:\/\/drive.google.com\/drive\/folders\/1XBzj5Al7yydPkcoexQkj4I5iQi7eDbDf?usp=sharing\">aqu\u00ed<\/a><\/p>\n","protected":false},"excerpt":{"rendered":"<p><a href=\"https:\/\/agora.xtec.cat\/escolacampclar\/wp-content\/uploads\/usu687\/2024\/11\/La-Castanyada-scaled.jpg\"><\/a><br \/>\nDijous, 31 d\u2019octubre, la Castanyera va arribar de ben lluny per celebrar amb el nostre alumnat la festa de la Castanyada.<br \/>\nVam menjar castanyes i panellets i vam gaudir d\u2019all\u00f2 m\u00e9s, tot ballant les can\u00e7ons de la tardor.<br \/>\nMoltes gr\u00e0cies a l\u2019AMPA per la seva col\u00b7laboraci\u00f3.<br \/>\nPer&hellip;  <a href=\"https:\/\/agora.xtec.cat\/escolacampclar\/general\/la-castanyada-6\/\" title=\"Read LA CASTANYADA\">Llegeix m\u00e9s\u00bb<\/a><\/p>\n","protected":false},"author":28,"featured_media":4579,"comment_status":"open","ping_status":"closed","sticky":false,"template":"","format":"standard","meta":{"_bbp_topic_count":0,"_bbp_reply_count":0,"_bbp_total_topic_count":0,"_bbp_total_reply_count":0,"_bbp_voice_count":0,"_bbp_anonymous_reply_count":0,"_bbp_topic_count_hidden":0,"_bbp_reply_count_hidden":0,"_bbp_forum_subforum_count":0,"footnotes":""},"categories":[344,29,1],"tags":[],"class_list":["post-4578","post","type-post","status-publish","format-standard","has-post-thumbnail","hentry","category-escola-campclar","category-festes","category-general"],"post_mailing_queue_ids":[],"_links":{"self":[{"href":"https:\/\/agora.xtec.cat\/escolacampclar\/wp-json\/wp\/v2\/posts\/4578","targetHints":{"allow":["GET"]}}],"collection":[{"href":"https:\/\/agora.xtec.cat\/escolacampclar\/wp-json\/wp\/v2\/posts"}],"about":[{"href":"https:\/\/agora.xtec.cat\/escolacampclar\/wp-json\/wp\/v2\/types\/post"}],"author":[{"embeddable":true,"href":"https:\/\/agora.xtec.cat\/escolacampclar\/wp-json\/wp\/v2\/users\/28"}],"replies":[{"embeddable":true,"href":"https:\/\/agora.xtec.cat\/escolacampclar\/wp-json\/wp\/v2\/comments?post=4578"}],"version-history":[{"count":1,"href":"https:\/\/agora.xtec.cat\/escolacampclar\/wp-json\/wp\/v2\/posts\/4578\/revisions"}],"predecessor-version":[{"id":4580,"href":"https:\/\/agora.xtec.cat\/escolacampclar\/wp-json\/wp\/v2\/posts\/4578\/revisions\/4580"}],"wp:featuredmedia":[{"embeddable":true,"href":"https:\/\/agora.xtec.cat\/escolacampclar\/wp-json\/wp\/v2\/media\/4579"}],"wp:attachment":[{"href":"https:\/\/agora.xtec.cat\/escolacampclar\/wp-json\/wp\/v2\/media?parent=4578"}],"wp:term":[{"taxonomy":"category","embeddable":true,"href":"https:\/\/agora.xtec.cat\/escolacampclar\/wp-json\/wp\/v2\/categories?post=4578"},{"taxonomy":"post_tag","embeddable":true,"href":"https:\/\/agora.xtec.cat\/escolacampclar\/wp-json\/wp\/v2\/tags?post=4578"}],"curies":[{"name":"wp","href":"https:\/\/api.w.org\/{rel}","templated":true}]}}