{"id":4524,"date":"2024-11-06T14:13:54","date_gmt":"2024-11-06T13:13:54","guid":{"rendered":"https:\/\/agora.xtec.cat\/escolacampclar\/?p=4524"},"modified":"2024-11-07T19:23:44","modified_gmt":"2024-11-07T18:23:44","slug":"i-tu-com-et-vas-sentir-quan-vas-venir","status":"publish","type":"post","link":"https:\/\/agora.xtec.cat\/escolacampclar\/general\/i-tu-com-et-vas-sentir-quan-vas-venir\/","title":{"rendered":"I tu com et vas sentir quan vas venir?"},"content":{"rendered":"<p>Avui una part del nostre alumnat nouvingut ha compartit amb la resta els seus or\u00edgens, les seves emocions i sentiments m\u00e9s \u00edntims en arribar al nostre pa\u00eds.<br \/>\nActivitat motivadora que hem realitzat la comunitat de grans dins del projecte \u201cl\u2019essencial \u00e9s invisible als ulls\u201d sobre el llibre del Petit Pr\u00edncep que estem duent a terme al Treball Globalitzat.<br \/>\nEl Petit Pr\u00edncep va marxar del seu asteroide B-612 i en la seva expedici\u00f3 per explorar altres asteroides a la recerca d\u2019amics arriba a la Terra i coneix a un aviador. Heus aqu\u00ed un rebombori d\u2019emocions i sensacions. Nosaltres aqu\u00ed, a l\u2019escola tamb\u00e9 en tenim de Petits Pr\u00ednceps.<\/p>\n<p>Clicant a la fotografia de sota\u00a0 podreu veure accedir-hi a m\u00e9s.<\/p>\n<p>I els <a href=\"https:\/\/drive.google.com\/drive\/folders\/10lmqmSjZeplWuMQ1P5q_8pf0rJjLG3Pv?usp=sharing\" target=\"_blank\" rel=\"noopener\">V\u00cdDEOS CLICANT AQU\u00cd<\/a>.<\/p>\n<p>&nbsp;<\/p>\n<p><a href=\"https:\/\/drive.google.com\/drive\/folders\/1uiuSJ5EHQJX_XRXavzrrJg66PsA4iZ9L?usp=sharing\" target=\"_blank\" rel=\"noopener\"><img loading=\"lazy\" decoding=\"async\" class=\"alignnone size-large wp-image-4546\" src=\"https:\/\/agora.xtec.cat\/escolacampclar\/wp-content\/uploads\/usu687\/2024\/11\/portada-6nov-1-1024x576.jpeg\" alt=\"\" width=\"1024\" height=\"576\" srcset=\"https:\/\/agora.xtec.cat\/escolacampclar\/wp-content\/uploads\/usu687\/2024\/11\/portada-6nov-1-1024x576.jpeg 1024w, https:\/\/agora.xtec.cat\/escolacampclar\/wp-content\/uploads\/usu687\/2024\/11\/portada-6nov-1-300x169.jpeg 300w, https:\/\/agora.xtec.cat\/escolacampclar\/wp-content\/uploads\/usu687\/2024\/11\/portada-6nov-1-768x432.jpeg 768w, https:\/\/agora.xtec.cat\/escolacampclar\/wp-content\/uploads\/usu687\/2024\/11\/portada-6nov-1-1536x864.jpeg 1536w, https:\/\/agora.xtec.cat\/escolacampclar\/wp-content\/uploads\/usu687\/2024\/11\/portada-6nov-1.jpeg 1600w\" sizes=\"auto, (max-width: 1024px) 100vw, 1024px\" \/><\/a><\/p>\n<p>&nbsp;<\/p>\n<p>&nbsp;<\/p>\n","protected":false},"excerpt":{"rendered":"<p>Avui una part del nostre alumnat nouvingut ha compartit amb la resta els seus or\u00edgens, les seves emocions i sentiments m\u00e9s \u00edntims en arribar al nostre pa\u00eds.<br \/>\nActivitat motivadora que hem realitzat la comunitat de grans dins del projecte \u201cl\u2019essencial \u00e9s invisible als ulls\u201d sobre el&hellip;  <a href=\"https:\/\/agora.xtec.cat\/escolacampclar\/general\/i-tu-com-et-vas-sentir-quan-vas-venir\/\" title=\"Read I tu com et vas sentir quan vas venir?\">Llegeix m\u00e9s\u00bb<\/a><\/p>\n","protected":false},"author":30,"featured_media":4546,"comment_status":"open","ping_status":"closed","sticky":false,"template":"","format":"standard","meta":{"_bbp_topic_count":0,"_bbp_reply_count":0,"_bbp_total_topic_count":0,"_bbp_total_reply_count":0,"_bbp_voice_count":0,"_bbp_anonymous_reply_count":0,"_bbp_topic_count_hidden":0,"_bbp_reply_count_hidden":0,"_bbp_forum_subforum_count":0,"footnotes":""},"categories":[1],"tags":[],"class_list":["post-4524","post","type-post","status-publish","format-standard","has-post-thumbnail","hentry","category-general"],"post_mailing_queue_ids":[],"_links":{"self":[{"href":"https:\/\/agora.xtec.cat\/escolacampclar\/wp-json\/wp\/v2\/posts\/4524","targetHints":{"allow":["GET"]}}],"collection":[{"href":"https:\/\/agora.xtec.cat\/escolacampclar\/wp-json\/wp\/v2\/posts"}],"about":[{"href":"https:\/\/agora.xtec.cat\/escolacampclar\/wp-json\/wp\/v2\/types\/post"}],"author":[{"embeddable":true,"href":"https:\/\/agora.xtec.cat\/escolacampclar\/wp-json\/wp\/v2\/users\/30"}],"replies":[{"embeddable":true,"href":"https:\/\/agora.xtec.cat\/escolacampclar\/wp-json\/wp\/v2\/comments?post=4524"}],"version-history":[{"count":3,"href":"https:\/\/agora.xtec.cat\/escolacampclar\/wp-json\/wp\/v2\/posts\/4524\/revisions"}],"predecessor-version":[{"id":4577,"href":"https:\/\/agora.xtec.cat\/escolacampclar\/wp-json\/wp\/v2\/posts\/4524\/revisions\/4577"}],"wp:featuredmedia":[{"embeddable":true,"href":"https:\/\/agora.xtec.cat\/escolacampclar\/wp-json\/wp\/v2\/media\/4546"}],"wp:attachment":[{"href":"https:\/\/agora.xtec.cat\/escolacampclar\/wp-json\/wp\/v2\/media?parent=4524"}],"wp:term":[{"taxonomy":"category","embeddable":true,"href":"https:\/\/agora.xtec.cat\/escolacampclar\/wp-json\/wp\/v2\/categories?post=4524"},{"taxonomy":"post_tag","embeddable":true,"href":"https:\/\/agora.xtec.cat\/escolacampclar\/wp-json\/wp\/v2\/tags?post=4524"}],"curies":[{"name":"wp","href":"https:\/\/api.w.org\/{rel}","templated":true}]}}