{"id":4521,"date":"2024-11-06T11:29:48","date_gmt":"2024-11-06T10:29:48","guid":{"rendered":"https:\/\/agora.xtec.cat\/escolacampclar\/?p=4521"},"modified":"2024-11-06T12:09:45","modified_gmt":"2024-11-06T11:09:45","slug":"el-circ-dels-sentits","status":"publish","type":"post","link":"https:\/\/agora.xtec.cat\/escolacampclar\/general\/el-circ-dels-sentits\/","title":{"rendered":"El circ dels Sentits"},"content":{"rendered":"<p>Aquesta setmana hem participat d&#8217;una activitat dins de les XVI Jornades d&#8217;inclusi\u00f3 de les arts esc\u00e8niques.<\/p>\n<p>Els alumns de 4t van anar a Tarragona amb el bus urb\u00e0 i vam fer un passeig per la rambla nova, la pla\u00e7a Verdaguer i tamb\u00e9 van aprofitar per visitar el Mercat Central.<\/p>\n<p>L&#8217;activitat proposada per &#8220;Mumusic Circus&#8221; ens va agradar molt, el fet de perdre el sentit de la vista i deixar que la resta de sentits poguessin expressar-se al m\u00e0xim va ser del tot enriquidora.<\/p>\n<p>Us deixem algunes imatges.<\/p>\n","protected":false},"excerpt":{"rendered":"<p>Aquesta setmana hem participat d&#8217;una activitat dins de les XVI Jornades d&#8217;inclusi\u00f3 de les arts esc\u00e8niques.<br \/>\nEls alumns de 4t van anar a Tarragona amb el bus urb\u00e0 i vam fer un passeig per la rambla nova, la pla\u00e7a Verdaguer i tamb\u00e9 van aprofitar per visitar&hellip;  <a href=\"https:\/\/agora.xtec.cat\/escolacampclar\/general\/el-circ-dels-sentits\/\" title=\"Read El circ dels Sentits\">Llegeix m\u00e9s\u00bb<\/a><\/p>\n","protected":false},"author":14,"featured_media":4523,"comment_status":"open","ping_status":"closed","sticky":false,"template":"","format":"standard","meta":{"_bbp_topic_count":0,"_bbp_reply_count":0,"_bbp_total_topic_count":0,"_bbp_total_reply_count":0,"_bbp_voice_count":0,"_bbp_anonymous_reply_count":0,"_bbp_topic_count_hidden":0,"_bbp_reply_count_hidden":0,"_bbp_forum_subforum_count":0,"footnotes":""},"categories":[26,1],"tags":[],"class_list":["post-4521","post","type-post","status-publish","format-standard","has-post-thumbnail","hentry","category-cicle-superior","category-general"],"post_mailing_queue_ids":[],"_links":{"self":[{"href":"https:\/\/agora.xtec.cat\/escolacampclar\/wp-json\/wp\/v2\/posts\/4521","targetHints":{"allow":["GET"]}}],"collection":[{"href":"https:\/\/agora.xtec.cat\/escolacampclar\/wp-json\/wp\/v2\/posts"}],"about":[{"href":"https:\/\/agora.xtec.cat\/escolacampclar\/wp-json\/wp\/v2\/types\/post"}],"author":[{"embeddable":true,"href":"https:\/\/agora.xtec.cat\/escolacampclar\/wp-json\/wp\/v2\/users\/14"}],"replies":[{"embeddable":true,"href":"https:\/\/agora.xtec.cat\/escolacampclar\/wp-json\/wp\/v2\/comments?post=4521"}],"version-history":[{"count":1,"href":"https:\/\/agora.xtec.cat\/escolacampclar\/wp-json\/wp\/v2\/posts\/4521\/revisions"}],"predecessor-version":[{"id":4522,"href":"https:\/\/agora.xtec.cat\/escolacampclar\/wp-json\/wp\/v2\/posts\/4521\/revisions\/4522"}],"wp:featuredmedia":[{"embeddable":true,"href":"https:\/\/agora.xtec.cat\/escolacampclar\/wp-json\/wp\/v2\/media\/4523"}],"wp:attachment":[{"href":"https:\/\/agora.xtec.cat\/escolacampclar\/wp-json\/wp\/v2\/media?parent=4521"}],"wp:term":[{"taxonomy":"category","embeddable":true,"href":"https:\/\/agora.xtec.cat\/escolacampclar\/wp-json\/wp\/v2\/categories?post=4521"},{"taxonomy":"post_tag","embeddable":true,"href":"https:\/\/agora.xtec.cat\/escolacampclar\/wp-json\/wp\/v2\/tags?post=4521"}],"curies":[{"name":"wp","href":"https:\/\/api.w.org\/{rel}","templated":true}]}}