{"id":4483,"date":"2024-06-21T10:50:49","date_gmt":"2024-06-21T08:50:49","guid":{"rendered":"https:\/\/agora.xtec.cat\/escolacampclar\/?p=4483"},"modified":"2024-06-21T11:19:52","modified_gmt":"2024-06-21T09:19:52","slug":"graduacio-sise","status":"publish","type":"post","link":"https:\/\/agora.xtec.cat\/escolacampclar\/general\/graduacio-sise\/","title":{"rendered":"Graduaci\u00f3 sis\u00e8"},"content":{"rendered":"<p>Cada final de curs \u00e9s especial, cada final de curs acomiadem a una promoci\u00f3. Enguany ha sigut el torn dels nascuts al 2012. Ha sigut una generaci\u00f3 que sempre ha destacat per ser un grup encuriosit, treballador\u00a0 i amb una predisposici\u00f3 per aprendre que ha perdurat durant tota la seva etapa a la nostra escola. Ben segur els trobarem a faltar, per\u00f2 la vida continua, the show must go on! I esperem que la seva nova\u00a0 etapa sigui molt enriquidora i i la seva formaci\u00f3 com a persones no tingui l\u00edmits per acabar formant part d&#8217;una poblaci\u00f3 cr\u00edtica, amb gran capacitat d&#8217;autosuperaci\u00f3 i perseveran\u00e7a.<\/p>\n<p>A continuaci\u00f3 us deixem les fotografies i a sota del tot teniu el v\u00eddeo de record!<\/p>\n<p>HA ESTAT UN PLAER!! Gaudiu molt de la nova etapa!<\/p>\n<p>&nbsp;<\/p>\n<p><a href=\"https:\/\/drive.google.com\/drive\/folders\/10KTaQsyReq80QklKdqqtgRIF9-aUrfpj?usp=sharing\" target=\"_blank\" rel=\"noopener\"><img loading=\"lazy\" decoding=\"async\" class=\"alignnone size-large wp-image-4487\" src=\"https:\/\/agora.xtec.cat\/escolacampclar\/wp-content\/uploads\/usu687\/2024\/06\/graduacio-portada-1024x631.png\" alt=\"\" width=\"1024\" height=\"631\" srcset=\"https:\/\/agora.xtec.cat\/escolacampclar\/wp-content\/uploads\/usu687\/2024\/06\/graduacio-portada-1024x631.png 1024w, https:\/\/agora.xtec.cat\/escolacampclar\/wp-content\/uploads\/usu687\/2024\/06\/graduacio-portada-300x185.png 300w, https:\/\/agora.xtec.cat\/escolacampclar\/wp-content\/uploads\/usu687\/2024\/06\/graduacio-portada-768x473.png 768w, https:\/\/agora.xtec.cat\/escolacampclar\/wp-content\/uploads\/usu687\/2024\/06\/graduacio-portada.png 1048w\" sizes=\"auto, (max-width: 1024px) 100vw, 1024px\" \/><\/a><\/p>\n<p>i el v\u00eddeo??? CLICA A SOTA!<\/p>\n<p><a href=\"https:\/\/www.canva.com\/design\/DAGHRYGtUz4\/K_xp1v7mFEbobWrWX7agtw\/view?utm_content=DAGHRYGtUz4&amp;utm_campaign=designshare&amp;utm_medium=link&amp;utm_source=VIEWER\" target=\"_blank\" rel=\"noopener\"><img loading=\"lazy\" decoding=\"async\" class=\"alignnone size-full wp-image-4491\" src=\"https:\/\/agora.xtec.cat\/escolacampclar\/wp-content\/uploads\/usu687\/2024\/06\/video-graduacio-portada.png\" alt=\"\" width=\"739\" height=\"421\" srcset=\"https:\/\/agora.xtec.cat\/escolacampclar\/wp-content\/uploads\/usu687\/2024\/06\/video-graduacio-portada.png 739w, https:\/\/agora.xtec.cat\/escolacampclar\/wp-content\/uploads\/usu687\/2024\/06\/video-graduacio-portada-300x171.png 300w\" sizes=\"auto, (max-width: 739px) 100vw, 739px\" \/><\/a><\/p>\n","protected":false},"excerpt":{"rendered":"<p>Cada final de curs \u00e9s especial, cada final de curs acomiadem a una promoci\u00f3. Enguany ha sigut el torn dels nascuts al 2012. Ha sigut una generaci\u00f3 que sempre ha destacat per ser un grup encuriosit, treballador\u00a0 i amb una predisposici\u00f3 per aprendre que ha&hellip;  <a href=\"https:\/\/agora.xtec.cat\/escolacampclar\/general\/graduacio-sise\/\" title=\"Read Graduaci\u00f3 sis\u00e8\">Llegeix m\u00e9s\u00bb<\/a><\/p>\n","protected":false},"author":30,"featured_media":4487,"comment_status":"open","ping_status":"closed","sticky":false,"template":"","format":"standard","meta":{"_bbp_topic_count":0,"_bbp_reply_count":0,"_bbp_total_topic_count":0,"_bbp_total_reply_count":0,"_bbp_voice_count":0,"_bbp_anonymous_reply_count":0,"_bbp_topic_count_hidden":0,"_bbp_reply_count_hidden":0,"_bbp_forum_subforum_count":0,"footnotes":""},"categories":[26,344,1],"tags":[],"class_list":["post-4483","post","type-post","status-publish","format-standard","has-post-thumbnail","hentry","category-cicle-superior","category-escola-campclar","category-general"],"post_mailing_queue_ids":[],"_links":{"self":[{"href":"https:\/\/agora.xtec.cat\/escolacampclar\/wp-json\/wp\/v2\/posts\/4483","targetHints":{"allow":["GET"]}}],"collection":[{"href":"https:\/\/agora.xtec.cat\/escolacampclar\/wp-json\/wp\/v2\/posts"}],"about":[{"href":"https:\/\/agora.xtec.cat\/escolacampclar\/wp-json\/wp\/v2\/types\/post"}],"author":[{"embeddable":true,"href":"https:\/\/agora.xtec.cat\/escolacampclar\/wp-json\/wp\/v2\/users\/30"}],"replies":[{"embeddable":true,"href":"https:\/\/agora.xtec.cat\/escolacampclar\/wp-json\/wp\/v2\/comments?post=4483"}],"version-history":[{"count":4,"href":"https:\/\/agora.xtec.cat\/escolacampclar\/wp-json\/wp\/v2\/posts\/4483\/revisions"}],"predecessor-version":[{"id":4493,"href":"https:\/\/agora.xtec.cat\/escolacampclar\/wp-json\/wp\/v2\/posts\/4483\/revisions\/4493"}],"wp:featuredmedia":[{"embeddable":true,"href":"https:\/\/agora.xtec.cat\/escolacampclar\/wp-json\/wp\/v2\/media\/4487"}],"wp:attachment":[{"href":"https:\/\/agora.xtec.cat\/escolacampclar\/wp-json\/wp\/v2\/media?parent=4483"}],"wp:term":[{"taxonomy":"category","embeddable":true,"href":"https:\/\/agora.xtec.cat\/escolacampclar\/wp-json\/wp\/v2\/categories?post=4483"},{"taxonomy":"post_tag","embeddable":true,"href":"https:\/\/agora.xtec.cat\/escolacampclar\/wp-json\/wp\/v2\/tags?post=4483"}],"curies":[{"name":"wp","href":"https:\/\/api.w.org\/{rel}","templated":true}]}}