{"id":4480,"date":"2024-06-17T17:15:39","date_gmt":"2024-06-17T15:15:39","guid":{"rendered":"https:\/\/agora.xtec.cat\/escolacampclar\/?p=4480"},"modified":"2024-06-17T17:15:39","modified_gmt":"2024-06-17T15:15:39","slug":"teatre-mary-poppins","status":"publish","type":"post","link":"https:\/\/agora.xtec.cat\/escolacampclar\/general\/teatre-mary-poppins\/","title":{"rendered":"TEATRE MARY POPPINS"},"content":{"rendered":"<p>Despr\u00e9s de tot un curs de feina, assajos, gravacions, fer decorats i molts nervis, els dies 11 i 12 de juny, el nostre alumnat de 6\u00e8 de prim\u00e0ria va estrenar l&#8217;obra de teatre musical Mary Poppins. Van ser dues actuacions espectaculars a l&#8217;al\u00e7ada de qualsevol gran musical. Felicitem a la mestra de m\u00fasica Isabel, la Marta, t\u00e8cnica de teatre de l&#8217;IMET, la tutora Pilar i tots els professionals que han ajudat a fer-ho possible i com no a les actrius i actors que no ens han decebut gens.<\/p>\n<p><a href=\"https:\/\/drive.google.com\/drive\/folders\/1-_RuodBcVzN4PragtFnPqie8D_6LeBEs?usp=drive_link\">Si ho voleu comprovar mireu les fotos i els v\u00eddeos!!!<\/a><\/p>\n","protected":false},"excerpt":{"rendered":"<p>Despr\u00e9s de tot un curs de feina, assajos, gravacions, fer decorats i molts nervis, els dies 11 i 12 de juny, el nostre alumnat de 6\u00e8 de prim\u00e0ria va estrenar l&#8217;obra de teatre musical Mary Poppins. Van ser dues actuacions espectaculars a l&#8217;al\u00e7ada de qualsevol&hellip;  <a href=\"https:\/\/agora.xtec.cat\/escolacampclar\/general\/teatre-mary-poppins\/\" title=\"Read TEATRE MARY POPPINS\">Llegeix m\u00e9s\u00bb<\/a><\/p>\n","protected":false},"author":26,"featured_media":4481,"comment_status":"open","ping_status":"closed","sticky":false,"template":"","format":"standard","meta":{"_bbp_topic_count":0,"_bbp_reply_count":0,"_bbp_total_topic_count":0,"_bbp_total_reply_count":0,"_bbp_voice_count":0,"_bbp_anonymous_reply_count":0,"_bbp_topic_count_hidden":0,"_bbp_reply_count_hidden":0,"_bbp_forum_subforum_count":0,"footnotes":""},"categories":[1],"tags":[99],"class_list":["post-4480","post","type-post","status-publish","format-standard","has-post-thumbnail","hentry","category-general","tag-teatre"],"post_mailing_queue_ids":[],"_links":{"self":[{"href":"https:\/\/agora.xtec.cat\/escolacampclar\/wp-json\/wp\/v2\/posts\/4480","targetHints":{"allow":["GET"]}}],"collection":[{"href":"https:\/\/agora.xtec.cat\/escolacampclar\/wp-json\/wp\/v2\/posts"}],"about":[{"href":"https:\/\/agora.xtec.cat\/escolacampclar\/wp-json\/wp\/v2\/types\/post"}],"author":[{"embeddable":true,"href":"https:\/\/agora.xtec.cat\/escolacampclar\/wp-json\/wp\/v2\/users\/26"}],"replies":[{"embeddable":true,"href":"https:\/\/agora.xtec.cat\/escolacampclar\/wp-json\/wp\/v2\/comments?post=4480"}],"version-history":[{"count":1,"href":"https:\/\/agora.xtec.cat\/escolacampclar\/wp-json\/wp\/v2\/posts\/4480\/revisions"}],"predecessor-version":[{"id":4482,"href":"https:\/\/agora.xtec.cat\/escolacampclar\/wp-json\/wp\/v2\/posts\/4480\/revisions\/4482"}],"wp:featuredmedia":[{"embeddable":true,"href":"https:\/\/agora.xtec.cat\/escolacampclar\/wp-json\/wp\/v2\/media\/4481"}],"wp:attachment":[{"href":"https:\/\/agora.xtec.cat\/escolacampclar\/wp-json\/wp\/v2\/media?parent=4480"}],"wp:term":[{"taxonomy":"category","embeddable":true,"href":"https:\/\/agora.xtec.cat\/escolacampclar\/wp-json\/wp\/v2\/categories?post=4480"},{"taxonomy":"post_tag","embeddable":true,"href":"https:\/\/agora.xtec.cat\/escolacampclar\/wp-json\/wp\/v2\/tags?post=4480"}],"curies":[{"name":"wp","href":"https:\/\/api.w.org\/{rel}","templated":true}]}}