{"id":4473,"date":"2024-06-10T13:45:43","date_gmt":"2024-06-10T11:45:43","guid":{"rendered":"https:\/\/agora.xtec.cat\/escolacampclar\/?p=4473"},"modified":"2024-06-10T13:45:43","modified_gmt":"2024-06-10T11:45:43","slug":"anem-a-la-platja","status":"publish","type":"post","link":"https:\/\/agora.xtec.cat\/escolacampclar\/general\/anem-a-la-platja\/","title":{"rendered":"Anem a la Platja!"},"content":{"rendered":"<p>La comunitat de petits vam fer una sortida a la platja, on tots els alumnes van poder gaudir de jocs a la sorra i de remullar-se els peus a l&#8217;aigua! Per arribar a la platja vam fer un recorregut per la Ronda Verda del Baix Gai\u00e0, una fant\u00e0stica excursi\u00f3 per camins paral\u00b7lels al riu Gai\u00e0 fins a la platja des d&#8217;on es pot veure el Castell de Tamarit.<\/p>\n<p>Per veure les fotos des clic <a href=\"https:\/\/drive.google.com\/drive\/folders\/1-NrlxCtZE9bAR-aCj1qA0P0upNCtPbQh?usp=drive_link\">AQU\u00cd\u00a0<\/a><\/p>\n","protected":false},"excerpt":{"rendered":"<p>La comunitat de petits vam fer una sortida a la platja, on tots els alumnes van poder gaudir de jocs a la sorra i de remullar-se els peus a l&#8217;aigua! Per arribar a la platja vam fer un recorregut per la Ronda Verda del Baix&hellip;  <a href=\"https:\/\/agora.xtec.cat\/escolacampclar\/general\/anem-a-la-platja\/\" title=\"Read Anem a la Platja!\">Llegeix m\u00e9s\u00bb<\/a><\/p>\n","protected":false},"author":27,"featured_media":4475,"comment_status":"open","ping_status":"closed","sticky":false,"template":"","format":"standard","meta":{"_bbp_topic_count":0,"_bbp_reply_count":0,"_bbp_total_topic_count":0,"_bbp_total_reply_count":0,"_bbp_voice_count":0,"_bbp_anonymous_reply_count":0,"_bbp_topic_count_hidden":0,"_bbp_reply_count_hidden":0,"_bbp_forum_subforum_count":0,"footnotes":""},"categories":[59,1],"tags":[],"class_list":["post-4473","post","type-post","status-publish","format-standard","has-post-thumbnail","hentry","category-infantil","category-general"],"post_mailing_queue_ids":[],"_links":{"self":[{"href":"https:\/\/agora.xtec.cat\/escolacampclar\/wp-json\/wp\/v2\/posts\/4473","targetHints":{"allow":["GET"]}}],"collection":[{"href":"https:\/\/agora.xtec.cat\/escolacampclar\/wp-json\/wp\/v2\/posts"}],"about":[{"href":"https:\/\/agora.xtec.cat\/escolacampclar\/wp-json\/wp\/v2\/types\/post"}],"author":[{"embeddable":true,"href":"https:\/\/agora.xtec.cat\/escolacampclar\/wp-json\/wp\/v2\/users\/27"}],"replies":[{"embeddable":true,"href":"https:\/\/agora.xtec.cat\/escolacampclar\/wp-json\/wp\/v2\/comments?post=4473"}],"version-history":[{"count":1,"href":"https:\/\/agora.xtec.cat\/escolacampclar\/wp-json\/wp\/v2\/posts\/4473\/revisions"}],"predecessor-version":[{"id":4476,"href":"https:\/\/agora.xtec.cat\/escolacampclar\/wp-json\/wp\/v2\/posts\/4473\/revisions\/4476"}],"wp:featuredmedia":[{"embeddable":true,"href":"https:\/\/agora.xtec.cat\/escolacampclar\/wp-json\/wp\/v2\/media\/4475"}],"wp:attachment":[{"href":"https:\/\/agora.xtec.cat\/escolacampclar\/wp-json\/wp\/v2\/media?parent=4473"}],"wp:term":[{"taxonomy":"category","embeddable":true,"href":"https:\/\/agora.xtec.cat\/escolacampclar\/wp-json\/wp\/v2\/categories?post=4473"},{"taxonomy":"post_tag","embeddable":true,"href":"https:\/\/agora.xtec.cat\/escolacampclar\/wp-json\/wp\/v2\/tags?post=4473"}],"curies":[{"name":"wp","href":"https:\/\/api.w.org\/{rel}","templated":true}]}}