{"id":4468,"date":"2024-06-07T10:06:02","date_gmt":"2024-06-07T08:06:02","guid":{"rendered":"https:\/\/agora.xtec.cat\/escolacampclar\/?p=4468"},"modified":"2024-06-07T10:10:35","modified_gmt":"2024-06-07T08:10:35","slug":"la-veu-de-la-terra-2","status":"publish","type":"post","link":"https:\/\/agora.xtec.cat\/escolacampclar\/general\/la-veu-de-la-terra-2\/","title":{"rendered":"La veu de la Terra"},"content":{"rendered":"<p><span style=\"font-weight: 400;\">Un any m\u00e9s, la classe de 5\u00e8 s&#8217;ha trobat amb altres escoles de la zona, al teatre Fortuny de Reus per interpretar la cantata La Veu de la Terra que organitza el grup PeTaCa amb col\u00b7laboraci\u00f3 d&#8217;altres entitats. La jornada ha estat emotiva i gratificant on han gaudit d&#8217;una experi\u00e8ncia que ben segur recordaran.\u00a0<\/span><\/p>\n<p><span style=\"font-weight: 400;\">Agra\u00efm l&#8217;assist\u00e8ncia, la implicaci\u00f3 de les fam\u00edlies i el suport de les persones involucrades. Tots fem escola. Cliqueu a sota per a veure les fotos!\u00a0<\/span><\/p>\n<p><a href=\"https:\/\/drive.google.com\/drive\/folders\/10iQ4gAsushqw_ECZxEckTGW1BWkTm_fV?usp=sharing\" target=\"_blank\" rel=\"noopener\"><img loading=\"lazy\" decoding=\"async\" class=\"alignnone size-full wp-image-4470\" src=\"https:\/\/agora.xtec.cat\/escolacampclar\/wp-content\/uploads\/usu687\/2024\/06\/la-veu-d-la-terra.jpg\" alt=\"\" width=\"304\" height=\"166\" srcset=\"https:\/\/agora.xtec.cat\/escolacampclar\/wp-content\/uploads\/usu687\/2024\/06\/la-veu-d-la-terra.jpg 304w, https:\/\/agora.xtec.cat\/escolacampclar\/wp-content\/uploads\/usu687\/2024\/06\/la-veu-d-la-terra-300x164.jpg 300w\" sizes=\"auto, (max-width: 304px) 100vw, 304px\" \/><\/a><\/p>\n","protected":false},"excerpt":{"rendered":"<p>Un any m\u00e9s, la classe de 5\u00e8 s&#8217;ha trobat amb altres escoles de la zona, al teatre Fortuny de Reus per interpretar la cantata La Veu de la Terra que organitza el grup PeTaCa amb col\u00b7laboraci\u00f3 d&#8217;altres entitats. La jornada ha estat emotiva i gratificant&hellip;  <a href=\"https:\/\/agora.xtec.cat\/escolacampclar\/general\/la-veu-de-la-terra-2\/\" title=\"Read La veu de la Terra\">Llegeix m\u00e9s\u00bb<\/a><\/p>\n","protected":false},"author":30,"featured_media":4470,"comment_status":"open","ping_status":"closed","sticky":false,"template":"","format":"standard","meta":{"_bbp_topic_count":0,"_bbp_reply_count":0,"_bbp_total_topic_count":0,"_bbp_total_reply_count":0,"_bbp_voice_count":0,"_bbp_anonymous_reply_count":0,"_bbp_topic_count_hidden":0,"_bbp_reply_count_hidden":0,"_bbp_forum_subforum_count":0,"footnotes":""},"categories":[1],"tags":[],"class_list":["post-4468","post","type-post","status-publish","format-standard","has-post-thumbnail","hentry","category-general"],"post_mailing_queue_ids":[],"_links":{"self":[{"href":"https:\/\/agora.xtec.cat\/escolacampclar\/wp-json\/wp\/v2\/posts\/4468","targetHints":{"allow":["GET"]}}],"collection":[{"href":"https:\/\/agora.xtec.cat\/escolacampclar\/wp-json\/wp\/v2\/posts"}],"about":[{"href":"https:\/\/agora.xtec.cat\/escolacampclar\/wp-json\/wp\/v2\/types\/post"}],"author":[{"embeddable":true,"href":"https:\/\/agora.xtec.cat\/escolacampclar\/wp-json\/wp\/v2\/users\/30"}],"replies":[{"embeddable":true,"href":"https:\/\/agora.xtec.cat\/escolacampclar\/wp-json\/wp\/v2\/comments?post=4468"}],"version-history":[{"count":2,"href":"https:\/\/agora.xtec.cat\/escolacampclar\/wp-json\/wp\/v2\/posts\/4468\/revisions"}],"predecessor-version":[{"id":4472,"href":"https:\/\/agora.xtec.cat\/escolacampclar\/wp-json\/wp\/v2\/posts\/4468\/revisions\/4472"}],"wp:featuredmedia":[{"embeddable":true,"href":"https:\/\/agora.xtec.cat\/escolacampclar\/wp-json\/wp\/v2\/media\/4470"}],"wp:attachment":[{"href":"https:\/\/agora.xtec.cat\/escolacampclar\/wp-json\/wp\/v2\/media?parent=4468"}],"wp:term":[{"taxonomy":"category","embeddable":true,"href":"https:\/\/agora.xtec.cat\/escolacampclar\/wp-json\/wp\/v2\/categories?post=4468"},{"taxonomy":"post_tag","embeddable":true,"href":"https:\/\/agora.xtec.cat\/escolacampclar\/wp-json\/wp\/v2\/tags?post=4468"}],"curies":[{"name":"wp","href":"https:\/\/api.w.org\/{rel}","templated":true}]}}