{"id":4464,"date":"2024-06-05T14:18:33","date_gmt":"2024-06-05T12:18:33","guid":{"rendered":"https:\/\/agora.xtec.cat\/escolacampclar\/?p=4464"},"modified":"2024-06-05T14:18:33","modified_gmt":"2024-06-05T12:18:33","slug":"els-jjoo-arriben-a-campclar","status":"publish","type":"post","link":"https:\/\/agora.xtec.cat\/escolacampclar\/general\/els-jjoo-arriben-a-campclar\/","title":{"rendered":"Els JJOO arriben a Campclar!"},"content":{"rendered":"<p>Avui hem tancat el nostre treball globalitzat basat en els Jocs Ol\u00edmpics i com a tancament hem reprodu\u00eft les cerim\u00f2nies d&#8217;apertura i clausura, juntament amb diferents proves ol\u00edmpiques practicades pel nostre alumnat. A m\u00e9s a m\u00e9s hem estrenat mascota a l&#8217;escola, fruit del disseny d&#8217;en Drissa! Alumne de quart! Gr\u00e0cies Drissa! I mooltes gr\u00e0cies a tots\/es per participar-hi. La jornada ha estat un \u00e8xit rotund amb una assist\u00e8ncia i implicaci\u00f3 molt gran per part de les fam\u00edlies. Esperem que us agradin les fotos i els v\u00eddeos!<\/p>\n<p><a href=\"https:\/\/drive.google.com\/drive\/folders\/16CFBl_ryvphncQ2Uwroay145Eq1deM2g?usp=sharing\" target=\"_blank\" rel=\"noopener\"><img loading=\"lazy\" decoding=\"async\" class=\"alignnone size-large wp-image-4466\" src=\"https:\/\/agora.xtec.cat\/escolacampclar\/wp-content\/uploads\/usu687\/2024\/06\/WhatsApp-Image-2024-06-05-at-14.05.36-1024x768.jpeg\" alt=\"\" width=\"1024\" height=\"768\" srcset=\"https:\/\/agora.xtec.cat\/escolacampclar\/wp-content\/uploads\/usu687\/2024\/06\/WhatsApp-Image-2024-06-05-at-14.05.36-1024x768.jpeg 1024w, https:\/\/agora.xtec.cat\/escolacampclar\/wp-content\/uploads\/usu687\/2024\/06\/WhatsApp-Image-2024-06-05-at-14.05.36-300x225.jpeg 300w, https:\/\/agora.xtec.cat\/escolacampclar\/wp-content\/uploads\/usu687\/2024\/06\/WhatsApp-Image-2024-06-05-at-14.05.36-768x576.jpeg 768w, https:\/\/agora.xtec.cat\/escolacampclar\/wp-content\/uploads\/usu687\/2024\/06\/WhatsApp-Image-2024-06-05-at-14.05.36-1536x1152.jpeg 1536w, https:\/\/agora.xtec.cat\/escolacampclar\/wp-content\/uploads\/usu687\/2024\/06\/WhatsApp-Image-2024-06-05-at-14.05.36-200x150.jpeg 200w, https:\/\/agora.xtec.cat\/escolacampclar\/wp-content\/uploads\/usu687\/2024\/06\/WhatsApp-Image-2024-06-05-at-14.05.36.jpeg 2048w\" sizes=\"auto, (max-width: 1024px) 100vw, 1024px\" \/><\/a><\/p>\n","protected":false},"excerpt":{"rendered":"<p>Avui hem tancat el nostre treball globalitzat basat en els Jocs Ol\u00edmpics i com a tancament hem reprodu\u00eft les cerim\u00f2nies d&#8217;apertura i clausura, juntament amb diferents proves ol\u00edmpiques practicades pel nostre alumnat. A m\u00e9s a m\u00e9s hem estrenat mascota a l&#8217;escola, fruit del disseny d&#8217;en&hellip;  <a href=\"https:\/\/agora.xtec.cat\/escolacampclar\/general\/els-jjoo-arriben-a-campclar\/\" title=\"Read Els JJOO arriben a Campclar!\">Llegeix m\u00e9s\u00bb<\/a><\/p>\n","protected":false},"author":30,"featured_media":4466,"comment_status":"open","ping_status":"closed","sticky":false,"template":"","format":"standard","meta":{"_bbp_topic_count":0,"_bbp_reply_count":0,"_bbp_total_topic_count":0,"_bbp_total_reply_count":0,"_bbp_voice_count":0,"_bbp_anonymous_reply_count":0,"_bbp_topic_count_hidden":0,"_bbp_reply_count_hidden":0,"_bbp_forum_subforum_count":0,"footnotes":""},"categories":[345,27,344,1],"tags":[],"class_list":["post-4464","post","type-post","status-publish","format-standard","has-post-thumbnail","hentry","category-campclar","category-e-fisica","category-escola-campclar","category-general"],"post_mailing_queue_ids":[],"_links":{"self":[{"href":"https:\/\/agora.xtec.cat\/escolacampclar\/wp-json\/wp\/v2\/posts\/4464","targetHints":{"allow":["GET"]}}],"collection":[{"href":"https:\/\/agora.xtec.cat\/escolacampclar\/wp-json\/wp\/v2\/posts"}],"about":[{"href":"https:\/\/agora.xtec.cat\/escolacampclar\/wp-json\/wp\/v2\/types\/post"}],"author":[{"embeddable":true,"href":"https:\/\/agora.xtec.cat\/escolacampclar\/wp-json\/wp\/v2\/users\/30"}],"replies":[{"embeddable":true,"href":"https:\/\/agora.xtec.cat\/escolacampclar\/wp-json\/wp\/v2\/comments?post=4464"}],"version-history":[{"count":1,"href":"https:\/\/agora.xtec.cat\/escolacampclar\/wp-json\/wp\/v2\/posts\/4464\/revisions"}],"predecessor-version":[{"id":4467,"href":"https:\/\/agora.xtec.cat\/escolacampclar\/wp-json\/wp\/v2\/posts\/4464\/revisions\/4467"}],"wp:featuredmedia":[{"embeddable":true,"href":"https:\/\/agora.xtec.cat\/escolacampclar\/wp-json\/wp\/v2\/media\/4466"}],"wp:attachment":[{"href":"https:\/\/agora.xtec.cat\/escolacampclar\/wp-json\/wp\/v2\/media?parent=4464"}],"wp:term":[{"taxonomy":"category","embeddable":true,"href":"https:\/\/agora.xtec.cat\/escolacampclar\/wp-json\/wp\/v2\/categories?post=4464"},{"taxonomy":"post_tag","embeddable":true,"href":"https:\/\/agora.xtec.cat\/escolacampclar\/wp-json\/wp\/v2\/tags?post=4464"}],"curies":[{"name":"wp","href":"https:\/\/api.w.org\/{rel}","templated":true}]}}