{"id":4458,"date":"2024-05-30T19:42:16","date_gmt":"2024-05-30T17:42:16","guid":{"rendered":"https:\/\/agora.xtec.cat\/escolacampclar\/?p=4458"},"modified":"2024-05-30T19:49:33","modified_gmt":"2024-05-30T17:49:33","slug":"ens-visita-la-natalia-rodriguez","status":"publish","type":"post","link":"https:\/\/agora.xtec.cat\/escolacampclar\/general\/ens-visita-la-natalia-rodriguez\/","title":{"rendered":"Ens visita la Natalia Rodr\u00edguez!"},"content":{"rendered":"<p>Com ja sabeu, estem immersos aprenent moOoltes coses dels JJOO i una de les activitats dins d&#8217;aquesta situaci\u00f3 d&#8217;aprenentatge ha sigut la visita d&#8217;una experta en el tema. Qui millor que una atleta del pa\u00eds, de la terra i del barri! La Natalia Rodr\u00edguez ha participat en 4 Jocs Ol\u00edmpics i encara conserva el r\u00e9cord d&#8217;Espanya als 1500 m. Ens han inspirat amb les seves hist\u00f2ries i curiositats esportives, els valors que transmet i la tenacitat\u00a0 per a no rendir-se MAI! Conservant i combinant\u00a0 la il\u00b7lusi\u00f3 del primer dia amb la voluntat d&#8217;assolir fites. Ah! I a m\u00e9s a m\u00e9s hem tingut l&#8217;oportunitat de tocar medalles aut\u00e8ntiques i diversos materials! Esperem que us agradin les fotos.<\/p>\n<p><a href=\"https:\/\/drive.google.com\/drive\/folders\/18yGcHN3W2codYh1mo5EHrvON5rxmOA1d?usp=sharing\" target=\"_blank\" rel=\"noopener\"><img loading=\"lazy\" decoding=\"async\" class=\"alignnone size-large wp-image-4460\" src=\"https:\/\/agora.xtec.cat\/escolacampclar\/wp-content\/uploads\/usu687\/2024\/05\/WhatsApp-Image-2024-05-30-at-18.50.06-2-768x1024.jpeg\" alt=\"\" width=\"768\" height=\"1024\" \/><\/a><\/p>\n","protected":false},"excerpt":{"rendered":"<p>Com ja sabeu, estem immersos aprenent moOoltes coses dels JJOO i una de les activitats dins d&#8217;aquesta situaci\u00f3 d&#8217;aprenentatge ha sigut la visita d&#8217;una experta en el tema. Qui millor que una atleta del pa\u00eds, de la terra i del barri! La Natalia Rodr\u00edguez ha&hellip;  <a href=\"https:\/\/agora.xtec.cat\/escolacampclar\/general\/ens-visita-la-natalia-rodriguez\/\" title=\"Read Ens visita la Natalia Rodr\u00edguez!\">Llegeix m\u00e9s\u00bb<\/a><\/p>\n","protected":false},"author":30,"featured_media":4460,"comment_status":"open","ping_status":"closed","sticky":false,"template":"","format":"standard","meta":{"_bbp_topic_count":0,"_bbp_reply_count":0,"_bbp_total_topic_count":0,"_bbp_total_reply_count":0,"_bbp_voice_count":0,"_bbp_anonymous_reply_count":0,"_bbp_topic_count_hidden":0,"_bbp_reply_count_hidden":0,"_bbp_forum_subforum_count":0,"footnotes":""},"categories":[27,344,1],"tags":[],"class_list":["post-4458","post","type-post","status-publish","format-standard","has-post-thumbnail","hentry","category-e-fisica","category-escola-campclar","category-general"],"post_mailing_queue_ids":[],"_links":{"self":[{"href":"https:\/\/agora.xtec.cat\/escolacampclar\/wp-json\/wp\/v2\/posts\/4458","targetHints":{"allow":["GET"]}}],"collection":[{"href":"https:\/\/agora.xtec.cat\/escolacampclar\/wp-json\/wp\/v2\/posts"}],"about":[{"href":"https:\/\/agora.xtec.cat\/escolacampclar\/wp-json\/wp\/v2\/types\/post"}],"author":[{"embeddable":true,"href":"https:\/\/agora.xtec.cat\/escolacampclar\/wp-json\/wp\/v2\/users\/30"}],"replies":[{"embeddable":true,"href":"https:\/\/agora.xtec.cat\/escolacampclar\/wp-json\/wp\/v2\/comments?post=4458"}],"version-history":[{"count":3,"href":"https:\/\/agora.xtec.cat\/escolacampclar\/wp-json\/wp\/v2\/posts\/4458\/revisions"}],"predecessor-version":[{"id":4463,"href":"https:\/\/agora.xtec.cat\/escolacampclar\/wp-json\/wp\/v2\/posts\/4458\/revisions\/4463"}],"wp:featuredmedia":[{"embeddable":true,"href":"https:\/\/agora.xtec.cat\/escolacampclar\/wp-json\/wp\/v2\/media\/4460"}],"wp:attachment":[{"href":"https:\/\/agora.xtec.cat\/escolacampclar\/wp-json\/wp\/v2\/media?parent=4458"}],"wp:term":[{"taxonomy":"category","embeddable":true,"href":"https:\/\/agora.xtec.cat\/escolacampclar\/wp-json\/wp\/v2\/categories?post=4458"},{"taxonomy":"post_tag","embeddable":true,"href":"https:\/\/agora.xtec.cat\/escolacampclar\/wp-json\/wp\/v2\/tags?post=4458"}],"curies":[{"name":"wp","href":"https:\/\/api.w.org\/{rel}","templated":true}]}}