{"id":4449,"date":"2024-05-20T13:23:51","date_gmt":"2024-05-20T11:23:51","guid":{"rendered":"https:\/\/agora.xtec.cat\/escolacampclar\/?p=4449"},"modified":"2024-05-20T13:33:41","modified_gmt":"2024-05-20T11:33:41","slug":"colonies-curs-23-24","status":"publish","type":"post","link":"https:\/\/agora.xtec.cat\/escolacampclar\/general\/colonies-curs-23-24\/","title":{"rendered":"COL\u00d2NIES CURS 23-24"},"content":{"rendered":"<p>Tot just fa una setmana l&#8217;alumnat de la comunitat dels grans (4t, 5\u00e8 i 6\u00e8) van marxar de col\u00f2nies al camping Tamarit Beach Resort. Va ser una experi\u00e8ncia inoblidable carregada de companyerisme i treball en equip envoltada d&#8217;un entorn privilegiat.<\/p>\n<p>Ens ho vam passar genial!!<\/p>\n<p>En aquest <a href=\"https:\/\/drive.google.com\/drive\/folders\/1-aHd2s8BiE5PQYbXu2EVs5uAiE-KcMtt?usp=sharing\">enlla\u00e7<\/a> podeu visualitzar totes les fotografies dels tres dies de col\u00f2nies.<\/p>\n<p>Aqu\u00ed podeu veure <a href=\"https:\/\/drive.google.com\/file\/d\/1p0ATOhvDtmO-5J06ACa6Gpe1CFgEfpqV\/view?usp=sharing\">el v\u00eddeo<\/a>.<\/p>\n<p>&nbsp;<\/p>\n<p><a href=\"https:\/\/agora.xtec.cat\/escolacampclar\/wp-content\/uploads\/usu687\/2024\/05\/IMG_8750.heic\"><img decoding=\"async\" class=\"alignnone size-full wp-image-4450\" src=\"https:\/\/agora.xtec.cat\/escolacampclar\/wp-content\/uploads\/usu687\/2024\/05\/IMG_8750.heic\" alt=\"\" \/><\/a><\/p>\n","protected":false},"excerpt":{"rendered":"<p>Tot just fa una setmana l&#8217;alumnat de la comunitat dels grans (4t, 5\u00e8 i 6\u00e8) van marxar de col\u00f2nies al camping Tamarit Beach Resort. Va ser una experi\u00e8ncia inoblidable carregada de companyerisme i treball en equip envoltada d&#8217;un entorn privilegiat.<br \/>\nEns ho vam passar genial!!<br \/>\nEn aquest&hellip;  <a href=\"https:\/\/agora.xtec.cat\/escolacampclar\/general\/colonies-curs-23-24\/\" title=\"Read COL\u00d2NIES CURS 23-24\">Llegeix m\u00e9s\u00bb<\/a><\/p>\n","protected":false},"author":29,"featured_media":4451,"comment_status":"open","ping_status":"closed","sticky":false,"template":"","format":"standard","meta":{"_bbp_topic_count":0,"_bbp_reply_count":0,"_bbp_total_topic_count":0,"_bbp_total_reply_count":0,"_bbp_voice_count":0,"_bbp_anonymous_reply_count":0,"_bbp_topic_count_hidden":0,"_bbp_reply_count_hidden":0,"_bbp_forum_subforum_count":0,"footnotes":""},"categories":[345,1],"tags":[419,420,44],"class_list":["post-4449","post","type-post","status-publish","format-standard","has-post-thumbnail","hentry","category-campclar","category-general","tag-colonies","tag-comunitat-dels-grans","tag-escola-campclar"],"post_mailing_queue_ids":[],"_links":{"self":[{"href":"https:\/\/agora.xtec.cat\/escolacampclar\/wp-json\/wp\/v2\/posts\/4449","targetHints":{"allow":["GET"]}}],"collection":[{"href":"https:\/\/agora.xtec.cat\/escolacampclar\/wp-json\/wp\/v2\/posts"}],"about":[{"href":"https:\/\/agora.xtec.cat\/escolacampclar\/wp-json\/wp\/v2\/types\/post"}],"author":[{"embeddable":true,"href":"https:\/\/agora.xtec.cat\/escolacampclar\/wp-json\/wp\/v2\/users\/29"}],"replies":[{"embeddable":true,"href":"https:\/\/agora.xtec.cat\/escolacampclar\/wp-json\/wp\/v2\/comments?post=4449"}],"version-history":[{"count":6,"href":"https:\/\/agora.xtec.cat\/escolacampclar\/wp-json\/wp\/v2\/posts\/4449\/revisions"}],"predecessor-version":[{"id":4457,"href":"https:\/\/agora.xtec.cat\/escolacampclar\/wp-json\/wp\/v2\/posts\/4449\/revisions\/4457"}],"wp:featuredmedia":[{"embeddable":true,"href":"https:\/\/agora.xtec.cat\/escolacampclar\/wp-json\/wp\/v2\/media\/4451"}],"wp:attachment":[{"href":"https:\/\/agora.xtec.cat\/escolacampclar\/wp-json\/wp\/v2\/media?parent=4449"}],"wp:term":[{"taxonomy":"category","embeddable":true,"href":"https:\/\/agora.xtec.cat\/escolacampclar\/wp-json\/wp\/v2\/categories?post=4449"},{"taxonomy":"post_tag","embeddable":true,"href":"https:\/\/agora.xtec.cat\/escolacampclar\/wp-json\/wp\/v2\/tags?post=4449"}],"curies":[{"name":"wp","href":"https:\/\/api.w.org\/{rel}","templated":true}]}}