{"id":4445,"date":"2024-05-15T18:41:04","date_gmt":"2024-05-15T16:41:04","guid":{"rendered":"https:\/\/agora.xtec.cat\/escolacampclar\/?p=4445"},"modified":"2024-05-15T18:43:01","modified_gmt":"2024-05-15T16:43:01","slug":"sortida-de-families","status":"publish","type":"post","link":"https:\/\/agora.xtec.cat\/escolacampclar\/general\/sortida-de-families\/","title":{"rendered":"VISITA A TARRAGONA EN FAM\u00cdLIA"},"content":{"rendered":"<p>Avui, 15 de maig hem celebrat el dia Internacional de la Fam\u00edlia i ho hem fet realitzant una visita a la Casa de la Festa i al Museu d&#8217;Art Modern de Tarragona. Tamb\u00e9 hem fet parada per esmorzar i per veure la Catedral per fora. Ha estat un mat\u00ed bonic d&#8217;aproximaci\u00f3 a la nostra cultura i que ens ha servit per con\u00e8ixer-nos millor.<\/p>\n","protected":false},"excerpt":{"rendered":"<p>Avui, 15 de maig hem celebrat el dia Internacional de la Fam\u00edlia i ho hem fet realitzant una visita a la Casa de la Festa i al Museu d&#8217;Art Modern de Tarragona. Tamb\u00e9 hem fet parada per esmorzar i per veure la Catedral per fora.&hellip;  <a href=\"https:\/\/agora.xtec.cat\/escolacampclar\/general\/sortida-de-families\/\" title=\"Read VISITA A TARRAGONA EN FAM\u00cdLIA\">Llegeix m\u00e9s\u00bb<\/a><\/p>\n","protected":false},"author":26,"featured_media":4446,"comment_status":"open","ping_status":"closed","sticky":false,"template":"","format":"standard","meta":{"_bbp_topic_count":0,"_bbp_reply_count":0,"_bbp_total_topic_count":0,"_bbp_total_reply_count":0,"_bbp_voice_count":0,"_bbp_anonymous_reply_count":0,"_bbp_topic_count_hidden":0,"_bbp_reply_count_hidden":0,"_bbp_forum_subforum_count":0,"footnotes":""},"categories":[1],"tags":[],"class_list":["post-4445","post","type-post","status-publish","format-standard","has-post-thumbnail","hentry","category-general"],"post_mailing_queue_ids":[],"_links":{"self":[{"href":"https:\/\/agora.xtec.cat\/escolacampclar\/wp-json\/wp\/v2\/posts\/4445","targetHints":{"allow":["GET"]}}],"collection":[{"href":"https:\/\/agora.xtec.cat\/escolacampclar\/wp-json\/wp\/v2\/posts"}],"about":[{"href":"https:\/\/agora.xtec.cat\/escolacampclar\/wp-json\/wp\/v2\/types\/post"}],"author":[{"embeddable":true,"href":"https:\/\/agora.xtec.cat\/escolacampclar\/wp-json\/wp\/v2\/users\/26"}],"replies":[{"embeddable":true,"href":"https:\/\/agora.xtec.cat\/escolacampclar\/wp-json\/wp\/v2\/comments?post=4445"}],"version-history":[{"count":2,"href":"https:\/\/agora.xtec.cat\/escolacampclar\/wp-json\/wp\/v2\/posts\/4445\/revisions"}],"predecessor-version":[{"id":4448,"href":"https:\/\/agora.xtec.cat\/escolacampclar\/wp-json\/wp\/v2\/posts\/4445\/revisions\/4448"}],"wp:featuredmedia":[{"embeddable":true,"href":"https:\/\/agora.xtec.cat\/escolacampclar\/wp-json\/wp\/v2\/media\/4446"}],"wp:attachment":[{"href":"https:\/\/agora.xtec.cat\/escolacampclar\/wp-json\/wp\/v2\/media?parent=4445"}],"wp:term":[{"taxonomy":"category","embeddable":true,"href":"https:\/\/agora.xtec.cat\/escolacampclar\/wp-json\/wp\/v2\/categories?post=4445"},{"taxonomy":"post_tag","embeddable":true,"href":"https:\/\/agora.xtec.cat\/escolacampclar\/wp-json\/wp\/v2\/tags?post=4445"}],"curies":[{"name":"wp","href":"https:\/\/api.w.org\/{rel}","templated":true}]}}