{"id":4377,"date":"2024-03-08T17:30:25","date_gmt":"2024-03-08T16:30:25","guid":{"rendered":"https:\/\/agora.xtec.cat\/escolacampclar\/?p=4377"},"modified":"2024-03-08T17:31:50","modified_gmt":"2024-03-08T16:31:50","slug":"celebracio-dia-internacional-de-la-dona","status":"publish","type":"post","link":"https:\/\/agora.xtec.cat\/escolacampclar\/general\/celebracio-dia-internacional-de-la-dona\/","title":{"rendered":"CELEBRACI\u00d3 DEL DIA INTERNACIONAL DE LA DONA"},"content":{"rendered":"<p>Avui hem celebrat el dia internacional de la dona amb diferents actes a l&#8217;escola. Totes les nens i el nens han fet aquest mural tan representatiu i les mares tamb\u00e9 ens han ajudat a elaborar-ho. Tamb\u00e9 hem organitzat un esmorzar per totes les mares de l&#8217;escola i un acte al pati on hem llegit un manifest i hem cantat i ballat la can\u00e7\u00f3 de la Clika &#8220;Un m\u00f3n m\u00e9s real&#8221;. Gr\u00e0cies a tothom per la seva participaci\u00f3. Entre totes i tots aconseguirem un m\u00f3n m\u00e9s just!!<\/p>\n","protected":false},"excerpt":{"rendered":"<p>Avui hem celebrat el dia internacional de la dona amb diferents actes a l&#8217;escola. Totes les nens i el nens han fet aquest mural tan representatiu i les mares tamb\u00e9 ens han ajudat a elaborar-ho. Tamb\u00e9 hem organitzat un esmorzar per totes les mares de&hellip;  <a href=\"https:\/\/agora.xtec.cat\/escolacampclar\/general\/celebracio-dia-internacional-de-la-dona\/\" title=\"Read CELEBRACI\u00d3 DEL DIA INTERNACIONAL DE LA DONA\">Llegeix m\u00e9s\u00bb<\/a><\/p>\n","protected":false},"author":26,"featured_media":4378,"comment_status":"open","ping_status":"closed","sticky":false,"template":"","format":"standard","meta":{"_bbp_topic_count":0,"_bbp_reply_count":0,"_bbp_total_topic_count":0,"_bbp_total_reply_count":0,"_bbp_voice_count":0,"_bbp_anonymous_reply_count":0,"_bbp_topic_count_hidden":0,"_bbp_reply_count_hidden":0,"_bbp_forum_subforum_count":0,"footnotes":""},"categories":[1],"tags":[],"class_list":["post-4377","post","type-post","status-publish","format-standard","has-post-thumbnail","hentry","category-general"],"post_mailing_queue_ids":[],"_links":{"self":[{"href":"https:\/\/agora.xtec.cat\/escolacampclar\/wp-json\/wp\/v2\/posts\/4377","targetHints":{"allow":["GET"]}}],"collection":[{"href":"https:\/\/agora.xtec.cat\/escolacampclar\/wp-json\/wp\/v2\/posts"}],"about":[{"href":"https:\/\/agora.xtec.cat\/escolacampclar\/wp-json\/wp\/v2\/types\/post"}],"author":[{"embeddable":true,"href":"https:\/\/agora.xtec.cat\/escolacampclar\/wp-json\/wp\/v2\/users\/26"}],"replies":[{"embeddable":true,"href":"https:\/\/agora.xtec.cat\/escolacampclar\/wp-json\/wp\/v2\/comments?post=4377"}],"version-history":[{"count":2,"href":"https:\/\/agora.xtec.cat\/escolacampclar\/wp-json\/wp\/v2\/posts\/4377\/revisions"}],"predecessor-version":[{"id":4380,"href":"https:\/\/agora.xtec.cat\/escolacampclar\/wp-json\/wp\/v2\/posts\/4377\/revisions\/4380"}],"wp:featuredmedia":[{"embeddable":true,"href":"https:\/\/agora.xtec.cat\/escolacampclar\/wp-json\/wp\/v2\/media\/4378"}],"wp:attachment":[{"href":"https:\/\/agora.xtec.cat\/escolacampclar\/wp-json\/wp\/v2\/media?parent=4377"}],"wp:term":[{"taxonomy":"category","embeddable":true,"href":"https:\/\/agora.xtec.cat\/escolacampclar\/wp-json\/wp\/v2\/categories?post=4377"},{"taxonomy":"post_tag","embeddable":true,"href":"https:\/\/agora.xtec.cat\/escolacampclar\/wp-json\/wp\/v2\/tags?post=4377"}],"curies":[{"name":"wp","href":"https:\/\/api.w.org\/{rel}","templated":true}]}}