{"id":4364,"date":"2024-02-29T13:57:18","date_gmt":"2024-02-29T12:57:18","guid":{"rendered":"https:\/\/agora.xtec.cat\/escolacampclar\/?p=4364"},"modified":"2024-02-29T21:12:05","modified_gmt":"2024-02-29T20:12:05","slug":"sortida-al-conservatori-de-musica-de-tarragona","status":"publish","type":"post","link":"https:\/\/agora.xtec.cat\/escolacampclar\/general\/sortida-al-conservatori-de-musica-de-tarragona\/","title":{"rendered":"SORTIDA AL CONSERVATORI DE M\u00daSICA DE TARRAGONA"},"content":{"rendered":"<p><a href=\"https:\/\/agora.xtec.cat\/escolacampclar\/wp-content\/uploads\/usu687\/2024\/02\/SORTIDA-CONSERVATORI-MUSICA-scaled.jpg\"><img loading=\"lazy\" decoding=\"async\" class=\"alignnone size-large wp-image-4365\" src=\"https:\/\/agora.xtec.cat\/escolacampclar\/wp-content\/uploads\/usu687\/2024\/02\/SORTIDA-CONSERVATORI-MUSICA-1024x512.jpg\" alt=\"\" width=\"1024\" height=\"512\" srcset=\"https:\/\/agora.xtec.cat\/escolacampclar\/wp-content\/uploads\/usu687\/2024\/02\/SORTIDA-CONSERVATORI-MUSICA-1024x512.jpg 1024w, https:\/\/agora.xtec.cat\/escolacampclar\/wp-content\/uploads\/usu687\/2024\/02\/SORTIDA-CONSERVATORI-MUSICA-300x150.jpg 300w, https:\/\/agora.xtec.cat\/escolacampclar\/wp-content\/uploads\/usu687\/2024\/02\/SORTIDA-CONSERVATORI-MUSICA-768x384.jpg 768w, https:\/\/agora.xtec.cat\/escolacampclar\/wp-content\/uploads\/usu687\/2024\/02\/SORTIDA-CONSERVATORI-MUSICA-1536x768.jpg 1536w, https:\/\/agora.xtec.cat\/escolacampclar\/wp-content\/uploads\/usu687\/2024\/02\/SORTIDA-CONSERVATORI-MUSICA-2048x1024.jpg 2048w\" sizes=\"auto, (max-width: 1024px) 100vw, 1024px\" \/><\/a><\/p>\n<p>L&#8217;alumnat d&#8217;I5 ha realitzat una sortida al Conservatori de M\u00fasica de Tarragona. Hem gaudit d&#8217;una audici\u00f3 en viu ambientada en el circ.<\/p>\n<p>Ens ho hem passat d&#8217;all\u00f2 m\u00e9s b\u00e9!<\/p>\n<p>Per veure el recull de fotos cliqueu\u00a0<a href=\"https:\/\/drive.google.com\/drive\/folders\/10SOYhzHuhc4e6En3t5pwC0dTazNGiL_U?usp=sharing\">aqu\u00ed<\/a><\/p>\n","protected":false},"excerpt":{"rendered":"<p><a href=\"https:\/\/agora.xtec.cat\/escolacampclar\/wp-content\/uploads\/usu687\/2024\/02\/SORTIDA-CONSERVATORI-MUSICA-scaled.jpg\"><\/a><br \/>\nL&#8217;alumnat d&#8217;I5 ha realitzat una sortida al Conservatori de M\u00fasica de Tarragona. Hem gaudit d&#8217;una audici\u00f3 en viu ambientada en el circ.<br \/>\nEns ho hem passat d&#8217;all\u00f2 m\u00e9s b\u00e9!<br \/>\nPer veure el recull de fotos cliqueu\u00a0<a href=\"https:\/\/drive.google.com\/drive\/folders\/10SOYhzHuhc4e6En3t5pwC0dTazNGiL_U?usp=sharing\">aqu\u00ed<\/a><\/p>\n","protected":false},"author":28,"featured_media":4365,"comment_status":"open","ping_status":"closed","sticky":false,"template":"","format":"standard","meta":{"_bbp_topic_count":0,"_bbp_reply_count":0,"_bbp_total_topic_count":0,"_bbp_total_reply_count":0,"_bbp_voice_count":0,"_bbp_anonymous_reply_count":0,"_bbp_topic_count_hidden":0,"_bbp_reply_count_hidden":0,"_bbp_forum_subforum_count":0,"footnotes":""},"categories":[59,344,1],"tags":[42,68],"class_list":["post-4364","post","type-post","status-publish","format-standard","has-post-thumbnail","hentry","category-infantil","category-escola-campclar","category-general","tag-educacio-infantil-2","tag-sortida"],"post_mailing_queue_ids":[],"_links":{"self":[{"href":"https:\/\/agora.xtec.cat\/escolacampclar\/wp-json\/wp\/v2\/posts\/4364","targetHints":{"allow":["GET"]}}],"collection":[{"href":"https:\/\/agora.xtec.cat\/escolacampclar\/wp-json\/wp\/v2\/posts"}],"about":[{"href":"https:\/\/agora.xtec.cat\/escolacampclar\/wp-json\/wp\/v2\/types\/post"}],"author":[{"embeddable":true,"href":"https:\/\/agora.xtec.cat\/escolacampclar\/wp-json\/wp\/v2\/users\/28"}],"replies":[{"embeddable":true,"href":"https:\/\/agora.xtec.cat\/escolacampclar\/wp-json\/wp\/v2\/comments?post=4364"}],"version-history":[{"count":2,"href":"https:\/\/agora.xtec.cat\/escolacampclar\/wp-json\/wp\/v2\/posts\/4364\/revisions"}],"predecessor-version":[{"id":4367,"href":"https:\/\/agora.xtec.cat\/escolacampclar\/wp-json\/wp\/v2\/posts\/4364\/revisions\/4367"}],"wp:featuredmedia":[{"embeddable":true,"href":"https:\/\/agora.xtec.cat\/escolacampclar\/wp-json\/wp\/v2\/media\/4365"}],"wp:attachment":[{"href":"https:\/\/agora.xtec.cat\/escolacampclar\/wp-json\/wp\/v2\/media?parent=4364"}],"wp:term":[{"taxonomy":"category","embeddable":true,"href":"https:\/\/agora.xtec.cat\/escolacampclar\/wp-json\/wp\/v2\/categories?post=4364"},{"taxonomy":"post_tag","embeddable":true,"href":"https:\/\/agora.xtec.cat\/escolacampclar\/wp-json\/wp\/v2\/tags?post=4364"}],"curies":[{"name":"wp","href":"https:\/\/api.w.org\/{rel}","templated":true}]}}