{"id":4347,"date":"2024-02-28T12:00:32","date_gmt":"2024-02-28T11:00:32","guid":{"rendered":"https:\/\/agora.xtec.cat\/escolacampclar\/?p=4347"},"modified":"2024-02-28T12:31:35","modified_gmt":"2024-02-28T11:31:35","slug":"preinscripcio-2024-25","status":"publish","type":"post","link":"https:\/\/agora.xtec.cat\/escolacampclar\/general\/preinscripcio-2024-25\/","title":{"rendered":"PREINSCRIPCI\u00d3 2024-25"},"content":{"rendered":"<p style=\"text-align: left;\">El proper 6 de mar\u00e7 s&#8217;inicia el per\u00edode de preinscripci\u00f3. Us deixem tota la informaci\u00f3\u00a0 referent al calendari i el tel\u00e8fon per demanar cita. Us anirem actualitzant la informaci\u00f3\u00a0 segons la tinguem. Gr\u00e0cies per la vostra confian\u00e7a!!<\/p>\n<p><a href=\"https:\/\/agora.xtec.cat\/escolacampclar\/wp-content\/uploads\/usu687\/2024\/02\/Calendari-preinscripcio-i-matricula-1.png\"><img loading=\"lazy\" decoding=\"async\" class=\"wp-image-4348 aligncenter\" src=\"https:\/\/agora.xtec.cat\/escolacampclar\/wp-content\/uploads\/usu687\/2024\/02\/Calendari-preinscripcio-i-matricula-1.png\" alt=\"\" width=\"274\" height=\"194\" \/><\/a><\/p>\n","protected":false},"excerpt":{"rendered":"<p>El proper 6 de mar\u00e7 s&#8217;inicia el per\u00edode de preinscripci\u00f3. Us deixem tota la informaci\u00f3\u00a0 referent al calendari i el tel\u00e8fon per demanar cita. Us anirem actualitzant la informaci\u00f3\u00a0 segons la tinguem. Gr\u00e0cies per la vostra confian\u00e7a!!<br \/>\n<a href=\"https:\/\/agora.xtec.cat\/escolacampclar\/wp-content\/uploads\/usu687\/2024\/02\/Calendari-preinscripcio-i-matricula-1.png\"><\/a><\/p>\n","protected":false},"author":26,"featured_media":4348,"comment_status":"open","ping_status":"closed","sticky":false,"template":"","format":"standard","meta":{"_bbp_topic_count":0,"_bbp_reply_count":0,"_bbp_total_topic_count":0,"_bbp_total_reply_count":0,"_bbp_voice_count":0,"_bbp_anonymous_reply_count":0,"_bbp_topic_count_hidden":0,"_bbp_reply_count_hidden":0,"_bbp_forum_subforum_count":0,"footnotes":""},"categories":[1,441],"tags":[],"class_list":["post-4347","post","type-post","status-publish","format-standard","has-post-thumbnail","hentry","category-general","category-preinscripcio"],"post_mailing_queue_ids":[],"_links":{"self":[{"href":"https:\/\/agora.xtec.cat\/escolacampclar\/wp-json\/wp\/v2\/posts\/4347","targetHints":{"allow":["GET"]}}],"collection":[{"href":"https:\/\/agora.xtec.cat\/escolacampclar\/wp-json\/wp\/v2\/posts"}],"about":[{"href":"https:\/\/agora.xtec.cat\/escolacampclar\/wp-json\/wp\/v2\/types\/post"}],"author":[{"embeddable":true,"href":"https:\/\/agora.xtec.cat\/escolacampclar\/wp-json\/wp\/v2\/users\/26"}],"replies":[{"embeddable":true,"href":"https:\/\/agora.xtec.cat\/escolacampclar\/wp-json\/wp\/v2\/comments?post=4347"}],"version-history":[{"count":5,"href":"https:\/\/agora.xtec.cat\/escolacampclar\/wp-json\/wp\/v2\/posts\/4347\/revisions"}],"predecessor-version":[{"id":4359,"href":"https:\/\/agora.xtec.cat\/escolacampclar\/wp-json\/wp\/v2\/posts\/4347\/revisions\/4359"}],"wp:featuredmedia":[{"embeddable":true,"href":"https:\/\/agora.xtec.cat\/escolacampclar\/wp-json\/wp\/v2\/media\/4348"}],"wp:attachment":[{"href":"https:\/\/agora.xtec.cat\/escolacampclar\/wp-json\/wp\/v2\/media?parent=4347"}],"wp:term":[{"taxonomy":"category","embeddable":true,"href":"https:\/\/agora.xtec.cat\/escolacampclar\/wp-json\/wp\/v2\/categories?post=4347"},{"taxonomy":"post_tag","embeddable":true,"href":"https:\/\/agora.xtec.cat\/escolacampclar\/wp-json\/wp\/v2\/tags?post=4347"}],"curies":[{"name":"wp","href":"https:\/\/api.w.org\/{rel}","templated":true}]}}