{"id":4253,"date":"2023-12-19T16:58:41","date_gmt":"2023-12-19T15:58:41","guid":{"rendered":"https:\/\/agora.xtec.cat\/escolacampclar\/?p=4253"},"modified":"2023-12-19T17:00:12","modified_gmt":"2023-12-19T16:00:12","slug":"escola-de-families-escrivim-contes-darreu-del-mon","status":"publish","type":"post","link":"https:\/\/agora.xtec.cat\/escolacampclar\/general\/escola-de-families-escrivim-contes-darreu-del-mon\/","title":{"rendered":"ESCOLA DE FAM\u00cdLIES! Escrivim contes d&#8217;arreu del m\u00f3n"},"content":{"rendered":"<div dir=\"ltr\"><a href=\"https:\/\/agora.xtec.cat\/escolacampclar\/wp-content\/uploads\/usu687\/2023\/12\/WhatsApp-Image-2023-12-14-at-14.56.11-1.jpeg\"><img loading=\"lazy\" decoding=\"async\" class=\"alignnone size-large wp-image-4254\" src=\"https:\/\/agora.xtec.cat\/escolacampclar\/wp-content\/uploads\/usu687\/2023\/12\/WhatsApp-Image-2023-12-14-at-14.56.11-1-1024x576.jpeg\" alt=\"\" width=\"1024\" height=\"576\" srcset=\"https:\/\/agora.xtec.cat\/escolacampclar\/wp-content\/uploads\/usu687\/2023\/12\/WhatsApp-Image-2023-12-14-at-14.56.11-1-1024x576.jpeg 1024w, https:\/\/agora.xtec.cat\/escolacampclar\/wp-content\/uploads\/usu687\/2023\/12\/WhatsApp-Image-2023-12-14-at-14.56.11-1-300x169.jpeg 300w, https:\/\/agora.xtec.cat\/escolacampclar\/wp-content\/uploads\/usu687\/2023\/12\/WhatsApp-Image-2023-12-14-at-14.56.11-1-768x432.jpeg 768w, https:\/\/agora.xtec.cat\/escolacampclar\/wp-content\/uploads\/usu687\/2023\/12\/WhatsApp-Image-2023-12-14-at-14.56.11-1-1536x864.jpeg 1536w, https:\/\/agora.xtec.cat\/escolacampclar\/wp-content\/uploads\/usu687\/2023\/12\/WhatsApp-Image-2023-12-14-at-14.56.11-1.jpeg 1600w\" sizes=\"auto, (max-width: 1024px) 100vw, 1024px\" \/><\/a><\/div>\n<div dir=\"ltr\"><b><br \/>\n<\/b>L&#8217;Escola\u00a0Campclar, participa en el Projecte &#8220;Contes que porta el vent&#8221; a c\u00e0rrec de la cooperativa\u00a0Cuentrop\u00eda.<br \/>\nCuentrop\u00eda\u00a0\u00e9s una cooperativa que desenvolupa projectes d&#8217;educaci\u00f3 social transformadora amb l&#8217;objectiu de fomentar la lectura i l&#8217;acompanyament emocional respectu\u00f3s, en aquesta ocasi\u00f3 fam\u00edlies de quatre escoles de Ponent estan participant en la redacci\u00f3 d&#8217;un llibre que recopilar\u00e0 dotze hist\u00f2ries d&#8217;arreu del m\u00f3n, on els seus narradors i narradores s\u00f3n fam\u00edlies de les escoles que tenen els seus or\u00edgens en diferents punts del m\u00f3n.<br \/>\nA l&#8217;Escola\u00a0Campclar\u00a0hem fet dues sessions per dur a terme el Projecte i volem agrair la participaci\u00f3 de les fam\u00edlies i la m\u00e0gia que ens van regalar a trav\u00e9s dels seus contes.<\/div>\n","protected":false},"excerpt":{"rendered":"<p><a href=\"https:\/\/agora.xtec.cat\/escolacampclar\/wp-content\/uploads\/usu687\/2023\/12\/WhatsApp-Image-2023-12-14-at-14.56.11-1.jpeg\"><\/a><\/p>\n<p>L&#8217;Escola\u00a0Campclar, participa en el Projecte &#8220;Contes que porta el vent&#8221; a c\u00e0rrec de la cooperativa\u00a0Cuentrop\u00eda.<br \/>\nCuentrop\u00eda\u00a0\u00e9s una cooperativa que desenvolupa projectes d&#8217;educaci\u00f3 social transformadora amb l&#8217;objectiu de fomentar la lectura i l&#8217;acompanyament emocional respectu\u00f3s, en aquesta ocasi\u00f3 fam\u00edlies de quatre escoles de Ponent estan participant&hellip;  <a href=\"https:\/\/agora.xtec.cat\/escolacampclar\/general\/escola-de-families-escrivim-contes-darreu-del-mon\/\" title=\"Read ESCOLA DE FAM\u00cdLIES! Escrivim contes d&#8217;arreu del m\u00f3n\">Llegeix m\u00e9s\u00bb<\/a><\/p>\n","protected":false},"author":30,"featured_media":4254,"comment_status":"open","ping_status":"closed","sticky":false,"template":"","format":"standard","meta":{"_bbp_topic_count":0,"_bbp_reply_count":0,"_bbp_total_topic_count":0,"_bbp_total_reply_count":0,"_bbp_voice_count":0,"_bbp_anonymous_reply_count":0,"_bbp_topic_count_hidden":0,"_bbp_reply_count_hidden":0,"_bbp_forum_subforum_count":0,"footnotes":""},"categories":[344,1,440],"tags":[],"class_list":["post-4253","post","type-post","status-publish","format-standard","has-post-thumbnail","hentry","category-escola-campclar","category-general","category-tis"],"post_mailing_queue_ids":[],"_links":{"self":[{"href":"https:\/\/agora.xtec.cat\/escolacampclar\/wp-json\/wp\/v2\/posts\/4253","targetHints":{"allow":["GET"]}}],"collection":[{"href":"https:\/\/agora.xtec.cat\/escolacampclar\/wp-json\/wp\/v2\/posts"}],"about":[{"href":"https:\/\/agora.xtec.cat\/escolacampclar\/wp-json\/wp\/v2\/types\/post"}],"author":[{"embeddable":true,"href":"https:\/\/agora.xtec.cat\/escolacampclar\/wp-json\/wp\/v2\/users\/30"}],"replies":[{"embeddable":true,"href":"https:\/\/agora.xtec.cat\/escolacampclar\/wp-json\/wp\/v2\/comments?post=4253"}],"version-history":[{"count":1,"href":"https:\/\/agora.xtec.cat\/escolacampclar\/wp-json\/wp\/v2\/posts\/4253\/revisions"}],"predecessor-version":[{"id":4255,"href":"https:\/\/agora.xtec.cat\/escolacampclar\/wp-json\/wp\/v2\/posts\/4253\/revisions\/4255"}],"wp:featuredmedia":[{"embeddable":true,"href":"https:\/\/agora.xtec.cat\/escolacampclar\/wp-json\/wp\/v2\/media\/4254"}],"wp:attachment":[{"href":"https:\/\/agora.xtec.cat\/escolacampclar\/wp-json\/wp\/v2\/media?parent=4253"}],"wp:term":[{"taxonomy":"category","embeddable":true,"href":"https:\/\/agora.xtec.cat\/escolacampclar\/wp-json\/wp\/v2\/categories?post=4253"},{"taxonomy":"post_tag","embeddable":true,"href":"https:\/\/agora.xtec.cat\/escolacampclar\/wp-json\/wp\/v2\/tags?post=4253"}],"curies":[{"name":"wp","href":"https:\/\/api.w.org\/{rel}","templated":true}]}}