{"id":4251,"date":"2023-12-19T16:52:21","date_gmt":"2023-12-19T15:52:21","guid":{"rendered":"https:\/\/agora.xtec.cat\/escolacampclar\/?p=4251"},"modified":"2023-12-19T17:12:48","modified_gmt":"2023-12-19T16:12:48","slug":"escola-de-families","status":"publish","type":"post","link":"https:\/\/agora.xtec.cat\/escolacampclar\/general\/escola-de-families\/","title":{"rendered":"ESCOLA DE FAM\u00cdLIES!"},"content":{"rendered":"<p>El dia 12 de desembre es va realitzar una sessi\u00f3 informativa sobre els riscos de l&#8217;\u00fas de les pantalles en les diferents etapes del desenvolupament de la vida dels infants, i com actuar per fer-ne un \u00fas adequat i benefici\u00f3s en el dia a dia. La sessi\u00f3 va ser dirigida per la professional Claustre Dasca, que forma part del servei d&#8217;informaci\u00f3 i assessorament a les addiccions de l&#8217;Ajuntament de Tarragona.<\/p>\n<p><a href=\"https:\/\/agora.xtec.cat\/escolacampclar\/wp-content\/uploads\/usu687\/2023\/12\/IMG_20231212_154113-1-1-1.jpg\"><img loading=\"lazy\" decoding=\"async\" class=\"alignnone size-full wp-image-4250\" src=\"https:\/\/agora.xtec.cat\/escolacampclar\/wp-content\/uploads\/usu687\/2023\/12\/IMG_20231212_154113-1-1-1.jpg\" alt=\"\" width=\"1000\" height=\"750\" srcset=\"https:\/\/agora.xtec.cat\/escolacampclar\/wp-content\/uploads\/usu687\/2023\/12\/IMG_20231212_154113-1-1-1.jpg 1000w, https:\/\/agora.xtec.cat\/escolacampclar\/wp-content\/uploads\/usu687\/2023\/12\/IMG_20231212_154113-1-1-1-300x225.jpg 300w, https:\/\/agora.xtec.cat\/escolacampclar\/wp-content\/uploads\/usu687\/2023\/12\/IMG_20231212_154113-1-1-1-768x576.jpg 768w, https:\/\/agora.xtec.cat\/escolacampclar\/wp-content\/uploads\/usu687\/2023\/12\/IMG_20231212_154113-1-1-1-200x150.jpg 200w\" sizes=\"auto, (max-width: 1000px) 100vw, 1000px\" \/><\/a><\/p>\n","protected":false},"excerpt":{"rendered":"<p>El dia 12 de desembre es va realitzar una sessi\u00f3 informativa sobre els riscos de l&#8217;\u00fas de les pantalles en les diferents etapes del desenvolupament de la vida dels infants, i com actuar per fer-ne un \u00fas adequat i benefici\u00f3s en el dia a dia.&hellip;  <a href=\"https:\/\/agora.xtec.cat\/escolacampclar\/general\/escola-de-families\/\" title=\"Read ESCOLA DE FAM\u00cdLIES!\">Llegeix m\u00e9s\u00bb<\/a><\/p>\n","protected":false},"author":30,"featured_media":4250,"comment_status":"open","ping_status":"closed","sticky":false,"template":"","format":"standard","meta":{"_bbp_topic_count":0,"_bbp_reply_count":0,"_bbp_total_topic_count":0,"_bbp_total_reply_count":0,"_bbp_voice_count":0,"_bbp_anonymous_reply_count":0,"_bbp_topic_count_hidden":0,"_bbp_reply_count_hidden":0,"_bbp_forum_subforum_count":0,"footnotes":""},"categories":[344,1,440],"tags":[],"class_list":["post-4251","post","type-post","status-publish","format-standard","has-post-thumbnail","hentry","category-escola-campclar","category-general","category-tis"],"post_mailing_queue_ids":[],"_links":{"self":[{"href":"https:\/\/agora.xtec.cat\/escolacampclar\/wp-json\/wp\/v2\/posts\/4251","targetHints":{"allow":["GET"]}}],"collection":[{"href":"https:\/\/agora.xtec.cat\/escolacampclar\/wp-json\/wp\/v2\/posts"}],"about":[{"href":"https:\/\/agora.xtec.cat\/escolacampclar\/wp-json\/wp\/v2\/types\/post"}],"author":[{"embeddable":true,"href":"https:\/\/agora.xtec.cat\/escolacampclar\/wp-json\/wp\/v2\/users\/30"}],"replies":[{"embeddable":true,"href":"https:\/\/agora.xtec.cat\/escolacampclar\/wp-json\/wp\/v2\/comments?post=4251"}],"version-history":[{"count":1,"href":"https:\/\/agora.xtec.cat\/escolacampclar\/wp-json\/wp\/v2\/posts\/4251\/revisions"}],"predecessor-version":[{"id":4252,"href":"https:\/\/agora.xtec.cat\/escolacampclar\/wp-json\/wp\/v2\/posts\/4251\/revisions\/4252"}],"wp:featuredmedia":[{"embeddable":true,"href":"https:\/\/agora.xtec.cat\/escolacampclar\/wp-json\/wp\/v2\/media\/4250"}],"wp:attachment":[{"href":"https:\/\/agora.xtec.cat\/escolacampclar\/wp-json\/wp\/v2\/media?parent=4251"}],"wp:term":[{"taxonomy":"category","embeddable":true,"href":"https:\/\/agora.xtec.cat\/escolacampclar\/wp-json\/wp\/v2\/categories?post=4251"},{"taxonomy":"post_tag","embeddable":true,"href":"https:\/\/agora.xtec.cat\/escolacampclar\/wp-json\/wp\/v2\/tags?post=4251"}],"curies":[{"name":"wp","href":"https:\/\/api.w.org\/{rel}","templated":true}]}}