{"id":4186,"date":"2023-11-29T12:10:22","date_gmt":"2023-11-29T11:10:22","guid":{"rendered":"https:\/\/agora.xtec.cat\/escolacampclar\/?p=4186"},"modified":"2023-11-29T12:10:22","modified_gmt":"2023-11-29T11:10:22","slug":"celebrem-el-25-de-novembre","status":"publish","type":"post","link":"https:\/\/agora.xtec.cat\/escolacampclar\/general\/celebrem-el-25-de-novembre\/","title":{"rendered":"Celebrem el 25 de novembre"},"content":{"rendered":"<p>El Dia internacional per a l&#8217;eliminaci\u00f3 de la viol\u00e8ncia contra les dones \u00e9s el dia 25 de novembre. A l&#8217;escola sempre estem molt pendents de treballar aquesta data i fer activitats per conscienciar als nostres alumnes de l&#8217;import\u00e0ncia sobre el respecte entre homes i dones. Fer present la viol\u00e8ncia de g\u00e8nere en algunes reflexions i d&#8217;aquesta manera millorar el futur de la societat que ens envolta.<\/p>\n<p>Enguany els alumnes de la comunitat dels grans van fer una pancarta i vam treballar un poema. Vam sortir per la Rambla de Ponent a &#8220;manifestar-nos&#8221; i finalment vam llegir el poema al pati de l&#8217;escola.<\/p>\n<p>Si voleu veure algunes imatges cliqueu damunt de la imatge.<\/p>\n<p><a href=\"https:\/\/drive.google.com\/drive\/folders\/1-LWgkHOUF3uPSOUbWUJfrD25UwRhUSBQ?usp=drive_link\"><img loading=\"lazy\" decoding=\"async\" class=\"size-medium wp-image-4187 aligncenter\" src=\"https:\/\/agora.xtec.cat\/escolacampclar\/wp-content\/uploads\/usu687\/2023\/11\/IMG_5488-300x225.jpg\" alt=\"\" width=\"300\" height=\"225\" srcset=\"https:\/\/agora.xtec.cat\/escolacampclar\/wp-content\/uploads\/usu687\/2023\/11\/IMG_5488-300x225.jpg 300w, https:\/\/agora.xtec.cat\/escolacampclar\/wp-content\/uploads\/usu687\/2023\/11\/IMG_5488-1024x768.jpg 1024w, https:\/\/agora.xtec.cat\/escolacampclar\/wp-content\/uploads\/usu687\/2023\/11\/IMG_5488-768x576.jpg 768w, https:\/\/agora.xtec.cat\/escolacampclar\/wp-content\/uploads\/usu687\/2023\/11\/IMG_5488-200x150.jpg 200w, https:\/\/agora.xtec.cat\/escolacampclar\/wp-content\/uploads\/usu687\/2023\/11\/IMG_5488.jpg 1200w\" sizes=\"auto, (max-width: 300px) 100vw, 300px\" \/><\/a><\/p>\n","protected":false},"excerpt":{"rendered":"<p>El Dia internacional per a l&#8217;eliminaci\u00f3 de la viol\u00e8ncia contra les dones \u00e9s el dia 25 de novembre. A l&#8217;escola sempre estem molt pendents de treballar aquesta data i fer activitats per conscienciar als nostres alumnes de l&#8217;import\u00e0ncia sobre el respecte entre homes i dones.&hellip;  <a href=\"https:\/\/agora.xtec.cat\/escolacampclar\/general\/celebrem-el-25-de-novembre\/\" title=\"Read Celebrem el 25 de novembre\">Llegeix m\u00e9s\u00bb<\/a><\/p>\n","protected":false},"author":14,"featured_media":4187,"comment_status":"open","ping_status":"closed","sticky":false,"template":"","format":"standard","meta":{"_bbp_topic_count":0,"_bbp_reply_count":0,"_bbp_total_topic_count":0,"_bbp_total_reply_count":0,"_bbp_voice_count":0,"_bbp_anonymous_reply_count":0,"_bbp_topic_count_hidden":0,"_bbp_reply_count_hidden":0,"_bbp_forum_subforum_count":0,"footnotes":""},"categories":[26,1],"tags":[],"class_list":["post-4186","post","type-post","status-publish","format-standard","has-post-thumbnail","hentry","category-cicle-superior","category-general"],"post_mailing_queue_ids":[],"_links":{"self":[{"href":"https:\/\/agora.xtec.cat\/escolacampclar\/wp-json\/wp\/v2\/posts\/4186","targetHints":{"allow":["GET"]}}],"collection":[{"href":"https:\/\/agora.xtec.cat\/escolacampclar\/wp-json\/wp\/v2\/posts"}],"about":[{"href":"https:\/\/agora.xtec.cat\/escolacampclar\/wp-json\/wp\/v2\/types\/post"}],"author":[{"embeddable":true,"href":"https:\/\/agora.xtec.cat\/escolacampclar\/wp-json\/wp\/v2\/users\/14"}],"replies":[{"embeddable":true,"href":"https:\/\/agora.xtec.cat\/escolacampclar\/wp-json\/wp\/v2\/comments?post=4186"}],"version-history":[{"count":1,"href":"https:\/\/agora.xtec.cat\/escolacampclar\/wp-json\/wp\/v2\/posts\/4186\/revisions"}],"predecessor-version":[{"id":4188,"href":"https:\/\/agora.xtec.cat\/escolacampclar\/wp-json\/wp\/v2\/posts\/4186\/revisions\/4188"}],"wp:featuredmedia":[{"embeddable":true,"href":"https:\/\/agora.xtec.cat\/escolacampclar\/wp-json\/wp\/v2\/media\/4187"}],"wp:attachment":[{"href":"https:\/\/agora.xtec.cat\/escolacampclar\/wp-json\/wp\/v2\/media?parent=4186"}],"wp:term":[{"taxonomy":"category","embeddable":true,"href":"https:\/\/agora.xtec.cat\/escolacampclar\/wp-json\/wp\/v2\/categories?post=4186"},{"taxonomy":"post_tag","embeddable":true,"href":"https:\/\/agora.xtec.cat\/escolacampclar\/wp-json\/wp\/v2\/tags?post=4186"}],"curies":[{"name":"wp","href":"https:\/\/api.w.org\/{rel}","templated":true}]}}