{"id":4176,"date":"2023-11-27T09:58:54","date_gmt":"2023-11-27T08:58:54","guid":{"rendered":"https:\/\/agora.xtec.cat\/escolacampclar\/?p=4176"},"modified":"2023-11-28T13:12:45","modified_gmt":"2023-11-28T12:12:45","slug":"setmana-de-la-ciencia-2","status":"publish","type":"post","link":"https:\/\/agora.xtec.cat\/escolacampclar\/general\/setmana-de-la-ciencia-2\/","title":{"rendered":"SETMANA DE LA CI\u00c8NCIA"},"content":{"rendered":"<p>Com cada curs, hem celebrat la Setmana de la Ci\u00e8ncia a la nostra escola des del 13 al 17 de novembre. Les tres comunitats hem fet experiments molt divertits i hem apr\u00e8s coses noves.<\/p>\n<p><a href=\"https:\/\/drive.google.com\/drive\/folders\/1CHlhX39z2qJ5D0AA3Xf_W7IKGMo2SFEg?usp=sharing\">Aqu\u00ed en podeu veure les fotos.<\/a><\/p>\n","protected":false},"excerpt":{"rendered":"<p>Com cada curs, hem celebrat la Setmana de la Ci\u00e8ncia a la nostra escola des del 13 al 17 de novembre. Les tres comunitats hem fet experiments molt divertits i hem apr\u00e8s coses noves.<br \/>\n<a href=\"https:\/\/drive.google.com\/drive\/folders\/1CHlhX39z2qJ5D0AA3Xf_W7IKGMo2SFEg?usp=sharing\">Aqu\u00ed en podeu veure les fotos.<\/a><\/p>\n","protected":false},"author":14,"featured_media":4177,"comment_status":"open","ping_status":"closed","sticky":false,"template":"","format":"standard","meta":{"_bbp_topic_count":0,"_bbp_reply_count":0,"_bbp_total_topic_count":0,"_bbp_total_reply_count":0,"_bbp_voice_count":0,"_bbp_anonymous_reply_count":0,"_bbp_topic_count_hidden":0,"_bbp_reply_count_hidden":0,"_bbp_forum_subforum_count":0,"footnotes":""},"categories":[1,409],"tags":[],"class_list":["post-4176","post","type-post","status-publish","format-standard","has-post-thumbnail","hentry","category-general","category-setmana-de-la-ciencia"],"post_mailing_queue_ids":[],"_links":{"self":[{"href":"https:\/\/agora.xtec.cat\/escolacampclar\/wp-json\/wp\/v2\/posts\/4176","targetHints":{"allow":["GET"]}}],"collection":[{"href":"https:\/\/agora.xtec.cat\/escolacampclar\/wp-json\/wp\/v2\/posts"}],"about":[{"href":"https:\/\/agora.xtec.cat\/escolacampclar\/wp-json\/wp\/v2\/types\/post"}],"author":[{"embeddable":true,"href":"https:\/\/agora.xtec.cat\/escolacampclar\/wp-json\/wp\/v2\/users\/14"}],"replies":[{"embeddable":true,"href":"https:\/\/agora.xtec.cat\/escolacampclar\/wp-json\/wp\/v2\/comments?post=4176"}],"version-history":[{"count":2,"href":"https:\/\/agora.xtec.cat\/escolacampclar\/wp-json\/wp\/v2\/posts\/4176\/revisions"}],"predecessor-version":[{"id":4185,"href":"https:\/\/agora.xtec.cat\/escolacampclar\/wp-json\/wp\/v2\/posts\/4176\/revisions\/4185"}],"wp:featuredmedia":[{"embeddable":true,"href":"https:\/\/agora.xtec.cat\/escolacampclar\/wp-json\/wp\/v2\/media\/4177"}],"wp:attachment":[{"href":"https:\/\/agora.xtec.cat\/escolacampclar\/wp-json\/wp\/v2\/media?parent=4176"}],"wp:term":[{"taxonomy":"category","embeddable":true,"href":"https:\/\/agora.xtec.cat\/escolacampclar\/wp-json\/wp\/v2\/categories?post=4176"},{"taxonomy":"post_tag","embeddable":true,"href":"https:\/\/agora.xtec.cat\/escolacampclar\/wp-json\/wp\/v2\/tags?post=4176"}],"curies":[{"name":"wp","href":"https:\/\/api.w.org\/{rel}","templated":true}]}}