{"id":4142,"date":"2023-11-23T22:45:54","date_gmt":"2023-11-23T21:45:54","guid":{"rendered":"https:\/\/agora.xtec.cat\/escolacampclar\/?p=4142"},"modified":"2023-11-27T13:14:59","modified_gmt":"2023-11-27T12:14:59","slug":"sortida-al-camp-daprenentatge-pau-casals","status":"publish","type":"post","link":"https:\/\/agora.xtec.cat\/escolacampclar\/general\/sortida-al-camp-daprenentatge-pau-casals\/","title":{"rendered":"Sortida al Camp d&#8217;Aprenentatge Pau Casals"},"content":{"rendered":"<p><a href=\"https:\/\/agora.xtec.cat\/escolacampclar\/wp-content\/uploads\/usu687\/2023\/11\/WhatsApp-Image-2023-11-23-at-15.50.02-1.jpeg\"><img loading=\"lazy\" decoding=\"async\" class=\"alignnone size-large wp-image-4145\" src=\"https:\/\/agora.xtec.cat\/escolacampclar\/wp-content\/uploads\/usu687\/2023\/11\/WhatsApp-Image-2023-11-23-at-15.50.02-1-1024x768.jpeg\" alt=\"\" width=\"1024\" height=\"768\" srcset=\"https:\/\/agora.xtec.cat\/escolacampclar\/wp-content\/uploads\/usu687\/2023\/11\/WhatsApp-Image-2023-11-23-at-15.50.02-1-1024x768.jpeg 1024w, https:\/\/agora.xtec.cat\/escolacampclar\/wp-content\/uploads\/usu687\/2023\/11\/WhatsApp-Image-2023-11-23-at-15.50.02-1-300x225.jpeg 300w, https:\/\/agora.xtec.cat\/escolacampclar\/wp-content\/uploads\/usu687\/2023\/11\/WhatsApp-Image-2023-11-23-at-15.50.02-1-768x576.jpeg 768w, https:\/\/agora.xtec.cat\/escolacampclar\/wp-content\/uploads\/usu687\/2023\/11\/WhatsApp-Image-2023-11-23-at-15.50.02-1-1536x1152.jpeg 1536w, https:\/\/agora.xtec.cat\/escolacampclar\/wp-content\/uploads\/usu687\/2023\/11\/WhatsApp-Image-2023-11-23-at-15.50.02-1-200x150.jpeg 200w, https:\/\/agora.xtec.cat\/escolacampclar\/wp-content\/uploads\/usu687\/2023\/11\/WhatsApp-Image-2023-11-23-at-15.50.02-1.jpeg 2048w\" sizes=\"auto, (max-width: 1024px) 100vw, 1024px\" \/><\/a><\/p>\n<p>L&#8217;alumnat de 6\u00e8 ha estat gravant la can\u00e7\u00f3 &#8220;M&#8217;agrada el Nadal&#8221; a l&#8217;estudi del CdA Pau Casals. Tamb\u00e9 han realitzat un taller de so i un altre m\u00e9s creatiu, on han elaborat la car\u00e0tula (portada) de la can\u00e7\u00f3 gravada.<br \/>\nA continuaci\u00f3, a l&#8217;enlla\u00e7, podeu escoltar la can\u00e7\u00f3 enregistrada en diferents versions.<\/p>\n<p><a href=\"http:\/\/cdapaucasals.com\/releases\/escola-campclar-2023-24\/\" target=\"_blank\" rel=\"noopener\">Clica aqu\u00ed per sentir la can\u00e7\u00f3<\/a><\/p>\n\r\n\t<div class=\"slideshow_container slideshow_container_style-light\" style=\"height: 300px; \" data-slideshow-id=\"4168\" data-style-name=\"style-light\" data-style-version=\"2.3.1\" >\r\n\r\n\t\t\t\t\t<div class=\"slideshow_loading_icon\"><\/div>\r\n\t\t\r\n\t\t<div class=\"slideshow_content\" style=\"display: none;\">\r\n\r\n\t\t\t<div class=\"slideshow_view\">\r\n\t\t\t\t<div class=\"slideshow_slide slideshow_slide_image\">\r\n\t\t\t\t\t\t\t\t\t\t\t<img src=\"https:\/\/agora.xtec.cat\/escolacampclar\/wp-content\/uploads\/usu687\/2023\/11\/WhatsApp-Image-2023-11-23-at-15.50.03.jpeg\" alt=\"WhatsApp Image 2023-11-23 at 15.50.03\" width=\"2048\" height=\"1536\" \/>\r\n\t\t\t\t\t\t\t\t\t\t<div class=\"slideshow_description_box slideshow_transparent\">\r\n\t\t\t\t\t\t\t\t\t\t\t\t\t\t\t\t\t<\/div>\r\n\t\t\t\t<\/div>\r\n\r\n\t\t\t\t\t\t<div style=\"clear: both;\"><\/div><\/div><div class=\"slideshow_view\">\r\n\t\t\t\t<div class=\"slideshow_slide slideshow_slide_image\">\r\n\t\t\t\t\t\t\t\t\t\t\t<img src=\"https:\/\/agora.xtec.cat\/escolacampclar\/wp-content\/uploads\/usu687\/2023\/11\/WhatsApp-Image-2023-11-23-at-15.50.02-1.jpeg\" alt=\"WhatsApp Image 2023-11-23 at 15.50.02 (1)\" width=\"2048\" height=\"1536\" \/>\r\n\t\t\t\t\t\t\t\t\t\t<div class=\"slideshow_description_box slideshow_transparent\">\r\n\t\t\t\t\t\t\t\t\t\t\t\t\t\t\t\t\t<\/div>\r\n\t\t\t\t<\/div>\r\n\r\n\t\t\t\t\t\t<div style=\"clear: both;\"><\/div><\/div><div class=\"slideshow_view\">\r\n\t\t\t\t<div class=\"slideshow_slide slideshow_slide_image\">\r\n\t\t\t\t\t\t\t\t\t\t\t<img src=\"https:\/\/agora.xtec.cat\/escolacampclar\/wp-content\/uploads\/usu687\/2023\/11\/WhatsApp-Image-2023-11-23-at-15.50.18-2-2.jpeg\" alt=\"WhatsApp Image 2023-11-23 at 15.50.18 (2)\" width=\"2048\" height=\"1536\" \/>\r\n\t\t\t\t\t\t\t\t\t\t<div class=\"slideshow_description_box slideshow_transparent\">\r\n\t\t\t\t\t\t\t\t\t\t\t\t\t\t\t\t\t<\/div>\r\n\t\t\t\t<\/div>\r\n\r\n\t\t\t\t\t\t<div style=\"clear: both;\"><\/div><\/div><div class=\"slideshow_view\">\r\n\t\t\t\t<div class=\"slideshow_slide slideshow_slide_image\">\r\n\t\t\t\t\t\t\t\t\t\t\t<img src=\"https:\/\/agora.xtec.cat\/escolacampclar\/wp-content\/uploads\/usu687\/2023\/11\/WhatsApp-Image-2023-11-23-at-15.50.18-1-1.jpeg\" alt=\"WhatsApp Image 2023-11-23 at 15.50.18 (1)\" width=\"1536\" height=\"2048\" \/>\r\n\t\t\t\t\t\t\t\t\t\t<div class=\"slideshow_description_box slideshow_transparent\">\r\n\t\t\t\t\t\t\t\t\t\t\t\t\t\t\t\t\t<\/div>\r\n\t\t\t\t<\/div>\r\n\r\n\t\t\t\t\t\t<div style=\"clear: both;\"><\/div><\/div><div class=\"slideshow_view\">\r\n\t\t\t\t<div class=\"slideshow_slide slideshow_slide_image\">\r\n\t\t\t\t\t\t\t\t\t\t\t<img src=\"https:\/\/agora.xtec.cat\/escolacampclar\/wp-content\/uploads\/usu687\/2023\/11\/WhatsApp-Image-2023-11-23-at-15.50.18-3.jpeg\" alt=\"WhatsApp Image 2023-11-23 at 15.50.18\" width=\"2048\" height=\"1536\" \/>\r\n\t\t\t\t\t\t\t\t\t\t<div class=\"slideshow_description_box slideshow_transparent\">\r\n\t\t\t\t\t\t\t\t\t\t\t\t\t\t\t\t\t<\/div>\r\n\t\t\t\t<\/div>\r\n\r\n\t\t\t\t\t\t<div style=\"clear: both;\"><\/div><\/div><div class=\"slideshow_view\">\r\n\t\t\t\t<div class=\"slideshow_slide slideshow_slide_image\">\r\n\t\t\t\t\t\t\t\t\t\t\t<img src=\"https:\/\/agora.xtec.cat\/escolacampclar\/wp-content\/uploads\/usu687\/2023\/11\/WhatsApp-Image-2023-11-23-at-15.50.13-1.jpeg\" alt=\"WhatsApp Image 2023-11-23 at 15.50.13\" width=\"1536\" height=\"2048\" \/>\r\n\t\t\t\t\t\t\t\t\t\t<div class=\"slideshow_description_box slideshow_transparent\">\r\n\t\t\t\t\t\t\t\t\t\t\t\t\t\t\t\t\t<\/div>\r\n\t\t\t\t<\/div>\r\n\r\n\t\t\t\t\t\t<div style=\"clear: both;\"><\/div><\/div><div class=\"slideshow_view\">\r\n\t\t\t\t<div class=\"slideshow_slide slideshow_slide_image\">\r\n\t\t\t\t\t\t\t\t\t\t\t<img src=\"https:\/\/agora.xtec.cat\/escolacampclar\/wp-content\/uploads\/usu687\/2023\/11\/WhatsApp-Image-2023-11-23-at-15.50.09-1.jpeg\" alt=\"WhatsApp Image 2023-11-23 at 15.50.09\" width=\"2048\" height=\"1536\" \/>\r\n\t\t\t\t\t\t\t\t\t\t<div class=\"slideshow_description_box slideshow_transparent\">\r\n\t\t\t\t\t\t\t\t\t\t\t\t\t\t\t\t\t<\/div>\r\n\t\t\t\t<\/div>\r\n\r\n\t\t\t\t\t\t<div style=\"clear: both;\"><\/div><\/div><div class=\"slideshow_view\">\r\n\t\t\t\t<div class=\"slideshow_slide slideshow_slide_image\">\r\n\t\t\t\t\t\t\t\t\t\t\t<img src=\"https:\/\/agora.xtec.cat\/escolacampclar\/wp-content\/uploads\/usu687\/2023\/11\/WhatsApp-Image-2023-11-23-at-15.50.05-1.jpeg\" alt=\"WhatsApp Image 2023-11-23 at 15.50.05\" width=\"2048\" height=\"1536\" \/>\r\n\t\t\t\t\t\t\t\t\t\t<div class=\"slideshow_description_box slideshow_transparent\">\r\n\t\t\t\t\t\t\t\t\t\t\t\t\t\t\t\t\t<\/div>\r\n\t\t\t\t<\/div>\r\n\r\n\t\t\t\t\t\t<div style=\"clear: both;\"><\/div><\/div><div class=\"slideshow_view\">\r\n\t\t\t\t<div class=\"slideshow_slide slideshow_slide_image\">\r\n\t\t\t\t\t\t\t\t\t\t\t<img src=\"https:\/\/agora.xtec.cat\/escolacampclar\/wp-content\/uploads\/usu687\/2023\/11\/WhatsApp-Image-2023-11-23-at-15.50.04-2-1.jpeg\" alt=\"WhatsApp Image 2023-11-23 at 15.50.04 (2)\" width=\"2048\" height=\"1536\" \/>\r\n\t\t\t\t\t\t\t\t\t\t<div class=\"slideshow_description_box slideshow_transparent\">\r\n\t\t\t\t\t\t\t\t\t\t\t\t\t\t\t\t\t<\/div>\r\n\t\t\t\t<\/div>\r\n\r\n\t\t\t\t\t\t<div style=\"clear: both;\"><\/div><\/div><div class=\"slideshow_view\">\r\n\t\t\t\t<div class=\"slideshow_slide slideshow_slide_image\">\r\n\t\t\t\t\t\t\t\t\t\t\t<img src=\"https:\/\/agora.xtec.cat\/escolacampclar\/wp-content\/uploads\/usu687\/2023\/11\/WhatsApp-Image-2023-11-23-at-15.50.04-1-1.jpeg\" alt=\"WhatsApp Image 2023-11-23 at 15.50.04 (1)\" width=\"2048\" height=\"1536\" \/>\r\n\t\t\t\t\t\t\t\t\t\t<div class=\"slideshow_description_box slideshow_transparent\">\r\n\t\t\t\t\t\t\t\t\t\t\t\t\t\t\t\t\t<\/div>\r\n\t\t\t\t<\/div>\r\n\r\n\t\t\t\t\t\t<div style=\"clear: both;\"><\/div><\/div><div class=\"slideshow_view\">\r\n\t\t\t\t<div class=\"slideshow_slide slideshow_slide_image\">\r\n\t\t\t\t\t\t\t\t\t\t\t<img src=\"https:\/\/agora.xtec.cat\/escolacampclar\/wp-content\/uploads\/usu687\/2023\/11\/WhatsApp-Image-2023-11-23-at-15.50.04-3.jpeg\" alt=\"WhatsApp Image 2023-11-23 at 15.50.04\" width=\"2048\" height=\"1536\" \/>\r\n\t\t\t\t\t\t\t\t\t\t<div class=\"slideshow_description_box slideshow_transparent\">\r\n\t\t\t\t\t\t\t\t\t\t\t\t\t\t\t\t\t<\/div>\r\n\t\t\t\t<\/div>\r\n\r\n\t\t\t\t\t\t<div style=\"clear: both;\"><\/div><\/div><div class=\"slideshow_view\">\r\n\t\t\t\t<div class=\"slideshow_slide slideshow_slide_image\">\r\n\t\t\t\t\t\t\t\t\t\t\t<img src=\"https:\/\/agora.xtec.cat\/escolacampclar\/wp-content\/uploads\/usu687\/2023\/11\/WhatsApp-Image-2023-11-23-at-15.50.02.jpeg\" alt=\"WhatsApp Image 2023-11-23 at 15.50.02\" width=\"2048\" height=\"1536\" \/>\r\n\t\t\t\t\t\t\t\t\t\t<div class=\"slideshow_description_box slideshow_transparent\">\r\n\t\t\t\t\t\t\t\t\t\t\t\t\t\t\t\t\t<\/div>\r\n\t\t\t\t<\/div>\r\n\r\n\t\t\t\t\t\t<div style=\"clear: both;\"><\/div><\/div>\r\n\t\t<\/div>\r\n\r\n\t\t<div class=\"slideshow_controlPanel slideshow_transparent\" style=\"display: none;\"><ul><li class=\"slideshow_togglePlay\" data-play-text=\"Visualitza\" data-pause-text=\"Pausa\"><\/li><\/ul><\/div>\r\n\r\n\t\t<div class=\"slideshow_button slideshow_previous slideshow_transparent\" role=\"button\" data-previous-text=\"Anterior\" style=\"display: none;\"><\/div>\r\n\t\t<div class=\"slideshow_button slideshow_next slideshow_transparent\" role=\"button\" data-next-text=\"Seg\u00fcent\" style=\"display: none;\"><\/div>\r\n\r\n\t\t<div class=\"slideshow_pagination\" style=\"display: none;\" data-go-to-text=\"V\u00e9s a la diapositiva\"><div class=\"slideshow_pagination_center\"><\/div><\/div>\r\n\r\n\t\t<!-- WordPress Slideshow Version 2.3.1 -->\r\n\r\n\t\t\t<\/div>\r\n\r\n\n<p>&nbsp;<\/p>\n<p>&nbsp;<\/p>\n","protected":false},"excerpt":{"rendered":"<p><a href=\"https:\/\/agora.xtec.cat\/escolacampclar\/wp-content\/uploads\/usu687\/2023\/11\/WhatsApp-Image-2023-11-23-at-15.50.02-1.jpeg\"><\/a><br \/>\nL&#8217;alumnat de 6\u00e8 ha estat gravant la can\u00e7\u00f3 &#8220;M&#8217;agrada el Nadal&#8221; a l&#8217;estudi del CdA Pau Casals. Tamb\u00e9 han realitzat un taller de so i un altre m\u00e9s creatiu, on han elaborat la car\u00e0tula (portada) de la can\u00e7\u00f3 gravada.<br \/>\nA continuaci\u00f3, a l&#8217;enlla\u00e7, podeu escoltar&hellip;  <a href=\"https:\/\/agora.xtec.cat\/escolacampclar\/general\/sortida-al-camp-daprenentatge-pau-casals\/\" title=\"Read Sortida al Camp d&#8217;Aprenentatge Pau Casals\">Llegeix m\u00e9s\u00bb<\/a><\/p>\n","protected":false},"author":30,"featured_media":0,"comment_status":"open","ping_status":"closed","sticky":false,"template":"","format":"standard","meta":{"_bbp_topic_count":0,"_bbp_reply_count":0,"_bbp_total_topic_count":0,"_bbp_total_reply_count":0,"_bbp_voice_count":0,"_bbp_anonymous_reply_count":0,"_bbp_topic_count_hidden":0,"_bbp_reply_count_hidden":0,"_bbp_forum_subforum_count":0,"footnotes":""},"categories":[345,26,1,439],"tags":[],"class_list":["post-4142","post","type-post","status-publish","format-standard","hentry","category-campclar","category-cicle-superior","category-general","category-musica-2"],"post_mailing_queue_ids":[],"_links":{"self":[{"href":"https:\/\/agora.xtec.cat\/escolacampclar\/wp-json\/wp\/v2\/posts\/4142","targetHints":{"allow":["GET"]}}],"collection":[{"href":"https:\/\/agora.xtec.cat\/escolacampclar\/wp-json\/wp\/v2\/posts"}],"about":[{"href":"https:\/\/agora.xtec.cat\/escolacampclar\/wp-json\/wp\/v2\/types\/post"}],"author":[{"embeddable":true,"href":"https:\/\/agora.xtec.cat\/escolacampclar\/wp-json\/wp\/v2\/users\/30"}],"replies":[{"embeddable":true,"href":"https:\/\/agora.xtec.cat\/escolacampclar\/wp-json\/wp\/v2\/comments?post=4142"}],"version-history":[{"count":6,"href":"https:\/\/agora.xtec.cat\/escolacampclar\/wp-json\/wp\/v2\/posts\/4142\/revisions"}],"predecessor-version":[{"id":4184,"href":"https:\/\/agora.xtec.cat\/escolacampclar\/wp-json\/wp\/v2\/posts\/4142\/revisions\/4184"}],"wp:attachment":[{"href":"https:\/\/agora.xtec.cat\/escolacampclar\/wp-json\/wp\/v2\/media?parent=4142"}],"wp:term":[{"taxonomy":"category","embeddable":true,"href":"https:\/\/agora.xtec.cat\/escolacampclar\/wp-json\/wp\/v2\/categories?post=4142"},{"taxonomy":"post_tag","embeddable":true,"href":"https:\/\/agora.xtec.cat\/escolacampclar\/wp-json\/wp\/v2\/tags?post=4142"}],"curies":[{"name":"wp","href":"https:\/\/api.w.org\/{rel}","templated":true}]}}