{"id":3978,"date":"2023-11-02T19:12:52","date_gmt":"2023-11-02T18:12:52","guid":{"rendered":"https:\/\/agora.xtec.cat\/escolacampclar\/?p=3978"},"modified":"2023-11-09T12:43:49","modified_gmt":"2023-11-09T11:43:49","slug":"a-i3-gaudim-amb-el-joc-simbolic","status":"publish","type":"post","link":"https:\/\/agora.xtec.cat\/escolacampclar\/general\/a-i3-gaudim-amb-el-joc-simbolic\/","title":{"rendered":"A I3 gaudim amb racons de joc simb\u00f2lic"},"content":{"rendered":"<p><a href=\"https:\/\/agora.xtec.cat\/escolacampclar\/wp-content\/uploads\/usu687\/2023\/11\/Joc-simbolic-scaled.jpg\"><img loading=\"lazy\" decoding=\"async\" class=\"alignnone size-large wp-image-3979\" src=\"https:\/\/agora.xtec.cat\/escolacampclar\/wp-content\/uploads\/usu687\/2023\/11\/Joc-simbolic-1024x512.jpg\" alt=\"\" width=\"1024\" height=\"512\" srcset=\"https:\/\/agora.xtec.cat\/escolacampclar\/wp-content\/uploads\/usu687\/2023\/11\/Joc-simbolic-1024x512.jpg 1024w, https:\/\/agora.xtec.cat\/escolacampclar\/wp-content\/uploads\/usu687\/2023\/11\/Joc-simbolic-300x150.jpg 300w, https:\/\/agora.xtec.cat\/escolacampclar\/wp-content\/uploads\/usu687\/2023\/11\/Joc-simbolic-768x384.jpg 768w, https:\/\/agora.xtec.cat\/escolacampclar\/wp-content\/uploads\/usu687\/2023\/11\/Joc-simbolic-1536x768.jpg 1536w, https:\/\/agora.xtec.cat\/escolacampclar\/wp-content\/uploads\/usu687\/2023\/11\/Joc-simbolic-2048x1024.jpg 2048w\" sizes=\"auto, (max-width: 1024px) 100vw, 1024px\" \/><\/a><\/p>\n<p>Les nenes i els nens d\u2019I3 aquesta tarda hem gaudit del joc simb\u00f2lic. Amb aquest els infants descobreixen el m\u00f3n que els envolta a trav\u00e9s de la seva curiositat i els ajuda a con\u00e8ixer noves experi\u00e8ncies i a comunicar-se amb els seus iguals.<\/p>\n<p>Clica <a href=\"https:\/\/drive.google.com\/drive\/folders\/12jDyE92dtJwHzPGRdXmyXY8KNbTwlu3f\">aqu\u00ed<\/a> per veure el recull d&#8217;imatges.<\/p>\n<p>&nbsp;<\/p>\n<p>&nbsp;<\/p>\n","protected":false},"excerpt":{"rendered":"<p><a href=\"https:\/\/agora.xtec.cat\/escolacampclar\/wp-content\/uploads\/usu687\/2023\/11\/Joc-simbolic-scaled.jpg\"><\/a><br \/>\nLes nenes i els nens d\u2019I3 aquesta tarda hem gaudit del joc simb\u00f2lic. Amb aquest els infants descobreixen el m\u00f3n que els envolta a trav\u00e9s de la seva curiositat i els ajuda a con\u00e8ixer noves experi\u00e8ncies i a comunicar-se amb els seus iguals.<br \/>\nClica <a&hellip;  <a href=\"https:\/\/agora.xtec.cat\/escolacampclar\/general\/a-i3-gaudim-amb-el-joc-simbolic\/\" title=\"Read A I3 gaudim amb racons de joc simb\u00f2lic\">Llegeix m\u00e9s\u00bb<\/a><\/p>\n","protected":false},"author":28,"featured_media":3979,"comment_status":"open","ping_status":"closed","sticky":false,"template":"","format":"standard","meta":{"_bbp_topic_count":0,"_bbp_reply_count":0,"_bbp_total_topic_count":0,"_bbp_total_reply_count":0,"_bbp_voice_count":0,"_bbp_anonymous_reply_count":0,"_bbp_topic_count_hidden":0,"_bbp_reply_count_hidden":0,"_bbp_forum_subforum_count":0,"footnotes":""},"categories":[1],"tags":[42,438],"class_list":["post-3978","post","type-post","status-publish","format-standard","has-post-thumbnail","hentry","category-general","tag-educacio-infantil-2","tag-joc-simbolic"],"post_mailing_queue_ids":[],"_links":{"self":[{"href":"https:\/\/agora.xtec.cat\/escolacampclar\/wp-json\/wp\/v2\/posts\/3978","targetHints":{"allow":["GET"]}}],"collection":[{"href":"https:\/\/agora.xtec.cat\/escolacampclar\/wp-json\/wp\/v2\/posts"}],"about":[{"href":"https:\/\/agora.xtec.cat\/escolacampclar\/wp-json\/wp\/v2\/types\/post"}],"author":[{"embeddable":true,"href":"https:\/\/agora.xtec.cat\/escolacampclar\/wp-json\/wp\/v2\/users\/28"}],"replies":[{"embeddable":true,"href":"https:\/\/agora.xtec.cat\/escolacampclar\/wp-json\/wp\/v2\/comments?post=3978"}],"version-history":[{"count":4,"href":"https:\/\/agora.xtec.cat\/escolacampclar\/wp-json\/wp\/v2\/posts\/3978\/revisions"}],"predecessor-version":[{"id":3983,"href":"https:\/\/agora.xtec.cat\/escolacampclar\/wp-json\/wp\/v2\/posts\/3978\/revisions\/3983"}],"wp:featuredmedia":[{"embeddable":true,"href":"https:\/\/agora.xtec.cat\/escolacampclar\/wp-json\/wp\/v2\/media\/3979"}],"wp:attachment":[{"href":"https:\/\/agora.xtec.cat\/escolacampclar\/wp-json\/wp\/v2\/media?parent=3978"}],"wp:term":[{"taxonomy":"category","embeddable":true,"href":"https:\/\/agora.xtec.cat\/escolacampclar\/wp-json\/wp\/v2\/categories?post=3978"},{"taxonomy":"post_tag","embeddable":true,"href":"https:\/\/agora.xtec.cat\/escolacampclar\/wp-json\/wp\/v2\/tags?post=3978"}],"curies":[{"name":"wp","href":"https:\/\/api.w.org\/{rel}","templated":true}]}}