{"id":3960,"date":"2023-11-02T17:16:12","date_gmt":"2023-11-02T16:16:12","guid":{"rendered":"https:\/\/agora.xtec.cat\/escolacampclar\/?p=3960"},"modified":"2023-11-09T12:43:49","modified_gmt":"2023-11-09T11:43:49","slug":"eleccions-al-consell-escolar-de-centre","status":"publish","type":"post","link":"https:\/\/agora.xtec.cat\/escolacampclar\/general\/eleccions-al-consell-escolar-de-centre\/","title":{"rendered":"ELECCIONS AL CONSELL ESCOLAR DE CENTRE"},"content":{"rendered":"<p>&nbsp;<\/p>\n<p><a href=\"https:\/\/agora.xtec.cat\/escolacampclar\/wp-content\/uploads\/usu687\/2023\/11\/Eleccions-al-Consell-escolar-1-scaled.jpg\">Iniciem el proc\u00e9s de renovaci\u00f3 de membres del Consell Escolar a l&#8217;escola. Volem incidir en la import\u00e0ncia que t\u00e9 pels vostres infants la implicaci\u00f3 de les seves fam\u00edlies en la vida del centre. Per aix\u00f2 us demanem la vostra participaci\u00f3 i us animem a presentar la vostra candidatura per representar les fam\u00edlies de l\u2019escola. Si cliqueu podreu veure una infografia amb el calendari de tot el proc\u00e9s de participaci\u00f3.<\/a><\/p>\n<p><a href=\"https:\/\/agora.xtec.cat\/escolacampclar\/wp-content\/uploads\/usu687\/2023\/11\/Vota_MINI-1.png\"><img loading=\"lazy\" decoding=\"async\" class=\"aligncenter wp-image-3967\" src=\"https:\/\/agora.xtec.cat\/escolacampclar\/wp-content\/uploads\/usu687\/2023\/11\/Vota_MINI-1.png\" alt=\"\" width=\"349\" height=\"262\" srcset=\"https:\/\/agora.xtec.cat\/escolacampclar\/wp-content\/uploads\/usu687\/2023\/11\/Vota_MINI-1.png 576w, https:\/\/agora.xtec.cat\/escolacampclar\/wp-content\/uploads\/usu687\/2023\/11\/Vota_MINI-1-300x225.png 300w, https:\/\/agora.xtec.cat\/escolacampclar\/wp-content\/uploads\/usu687\/2023\/11\/Vota_MINI-1-200x150.png 200w\" sizes=\"auto, (max-width: 349px) 100vw, 349px\" \/><\/a><\/p>\n","protected":false},"excerpt":{"rendered":"<p>&nbsp;<br \/>\n<a href=\"https:\/\/agora.xtec.cat\/escolacampclar\/wp-content\/uploads\/usu687\/2023\/11\/Eleccions-al-Consell-escolar-1-scaled.jpg\">Iniciem el proc\u00e9s de renovaci\u00f3 de membres del Consell Escolar a l&#8217;escola. Volem incidir en la import\u00e0ncia que t\u00e9 pels vostres infants la implicaci\u00f3 de les seves fam\u00edlies en la vida del centre. Per aix\u00f2 us demanem la vostra participaci\u00f3 i us animem a&hellip;  <a href=\"https:\/\/agora.xtec.cat\/escolacampclar\/general\/eleccions-al-consell-escolar-de-centre\/\" title=\"Read ELECCIONS AL CONSELL ESCOLAR DE CENTRE\">Llegeix m\u00e9s\u00bb<\/a><\/p>\n","protected":false},"author":26,"featured_media":3966,"comment_status":"open","ping_status":"closed","sticky":false,"template":"","format":"standard","meta":{"_bbp_topic_count":0,"_bbp_reply_count":0,"_bbp_total_topic_count":0,"_bbp_total_reply_count":0,"_bbp_voice_count":0,"_bbp_anonymous_reply_count":0,"_bbp_topic_count_hidden":0,"_bbp_reply_count_hidden":0,"_bbp_forum_subforum_count":0,"footnotes":""},"categories":[1],"tags":[],"class_list":["post-3960","post","type-post","status-publish","format-standard","has-post-thumbnail","hentry","category-general"],"post_mailing_queue_ids":[],"_links":{"self":[{"href":"https:\/\/agora.xtec.cat\/escolacampclar\/wp-json\/wp\/v2\/posts\/3960","targetHints":{"allow":["GET"]}}],"collection":[{"href":"https:\/\/agora.xtec.cat\/escolacampclar\/wp-json\/wp\/v2\/posts"}],"about":[{"href":"https:\/\/agora.xtec.cat\/escolacampclar\/wp-json\/wp\/v2\/types\/post"}],"author":[{"embeddable":true,"href":"https:\/\/agora.xtec.cat\/escolacampclar\/wp-json\/wp\/v2\/users\/26"}],"replies":[{"embeddable":true,"href":"https:\/\/agora.xtec.cat\/escolacampclar\/wp-json\/wp\/v2\/comments?post=3960"}],"version-history":[{"count":6,"href":"https:\/\/agora.xtec.cat\/escolacampclar\/wp-json\/wp\/v2\/posts\/3960\/revisions"}],"predecessor-version":[{"id":3977,"href":"https:\/\/agora.xtec.cat\/escolacampclar\/wp-json\/wp\/v2\/posts\/3960\/revisions\/3977"}],"wp:featuredmedia":[{"embeddable":true,"href":"https:\/\/agora.xtec.cat\/escolacampclar\/wp-json\/wp\/v2\/media\/3966"}],"wp:attachment":[{"href":"https:\/\/agora.xtec.cat\/escolacampclar\/wp-json\/wp\/v2\/media?parent=3960"}],"wp:term":[{"taxonomy":"category","embeddable":true,"href":"https:\/\/agora.xtec.cat\/escolacampclar\/wp-json\/wp\/v2\/categories?post=3960"},{"taxonomy":"post_tag","embeddable":true,"href":"https:\/\/agora.xtec.cat\/escolacampclar\/wp-json\/wp\/v2\/tags?post=3960"}],"curies":[{"name":"wp","href":"https:\/\/api.w.org\/{rel}","templated":true}]}}