{"id":3908,"date":"2023-06-26T10:19:29","date_gmt":"2023-06-26T08:19:29","guid":{"rendered":"https:\/\/agora.xtec.cat\/escolacampclar\/?p=3908"},"modified":"2023-11-09T12:43:49","modified_gmt":"2023-11-09T11:43:49","slug":"comiat-sise-2","status":"publish","type":"post","link":"https:\/\/agora.xtec.cat\/escolacampclar\/general\/comiat-sise-2\/","title":{"rendered":"Comiat sis\u00e8"},"content":{"rendered":"<p>El passat divendres a la tarde vam celebrar l&#8217;acte de comiat als alumnes de sis\u00e8 que es van graduar amb tots els honors, va ser un acte molt emotiu i en el que vam poder expressar tot el que sent\u00edem tant alumnes, mestres i famil\u00edes.<\/p>\n<p>A continuaci\u00f3 podeu veure un video on repassem tota la seva etapa educativa.<\/p>\n<p><a href=\"https:\/\/drive.google.com\/file\/d\/1QDwWE_b_9OxE2dR8_z0Z5hApMVgNeLWc\/view?usp=drive_link\">Mirar v\u00eddeo.\u00a0<\/a><\/p>\n","protected":false},"excerpt":{"rendered":"<p>El passat divendres a la tarde vam celebrar l&#8217;acte de comiat als alumnes de sis\u00e8 que es van graduar amb tots els honors, va ser un acte molt emotiu i en el que vam poder expressar tot el que sent\u00edem tant alumnes, mestres i famil\u00edes.<br \/>\nA&hellip;  <a href=\"https:\/\/agora.xtec.cat\/escolacampclar\/general\/comiat-sise-2\/\" title=\"Read Comiat sis\u00e8\">Llegeix m\u00e9s\u00bb<\/a><\/p>\n","protected":false},"author":14,"featured_media":0,"comment_status":"open","ping_status":"closed","sticky":false,"template":"","format":"standard","meta":{"_bbp_topic_count":0,"_bbp_reply_count":0,"_bbp_total_topic_count":0,"_bbp_total_reply_count":0,"_bbp_voice_count":0,"_bbp_anonymous_reply_count":0,"_bbp_topic_count_hidden":0,"_bbp_reply_count_hidden":0,"_bbp_forum_subforum_count":0,"footnotes":""},"categories":[26,1],"tags":[],"class_list":["post-3908","post","type-post","status-publish","format-standard","hentry","category-cicle-superior","category-general"],"post_mailing_queue_ids":[],"_links":{"self":[{"href":"https:\/\/agora.xtec.cat\/escolacampclar\/wp-json\/wp\/v2\/posts\/3908","targetHints":{"allow":["GET"]}}],"collection":[{"href":"https:\/\/agora.xtec.cat\/escolacampclar\/wp-json\/wp\/v2\/posts"}],"about":[{"href":"https:\/\/agora.xtec.cat\/escolacampclar\/wp-json\/wp\/v2\/types\/post"}],"author":[{"embeddable":true,"href":"https:\/\/agora.xtec.cat\/escolacampclar\/wp-json\/wp\/v2\/users\/14"}],"replies":[{"embeddable":true,"href":"https:\/\/agora.xtec.cat\/escolacampclar\/wp-json\/wp\/v2\/comments?post=3908"}],"version-history":[{"count":1,"href":"https:\/\/agora.xtec.cat\/escolacampclar\/wp-json\/wp\/v2\/posts\/3908\/revisions"}],"predecessor-version":[{"id":3909,"href":"https:\/\/agora.xtec.cat\/escolacampclar\/wp-json\/wp\/v2\/posts\/3908\/revisions\/3909"}],"wp:attachment":[{"href":"https:\/\/agora.xtec.cat\/escolacampclar\/wp-json\/wp\/v2\/media?parent=3908"}],"wp:term":[{"taxonomy":"category","embeddable":true,"href":"https:\/\/agora.xtec.cat\/escolacampclar\/wp-json\/wp\/v2\/categories?post=3908"},{"taxonomy":"post_tag","embeddable":true,"href":"https:\/\/agora.xtec.cat\/escolacampclar\/wp-json\/wp\/v2\/tags?post=3908"}],"curies":[{"name":"wp","href":"https:\/\/api.w.org\/{rel}","templated":true}]}}