{"id":3890,"date":"2023-06-21T18:23:18","date_gmt":"2023-06-21T16:23:18","guid":{"rendered":"https:\/\/agora.xtec.cat\/escolacampclar\/?p=3890"},"modified":"2023-11-09T12:43:49","modified_gmt":"2023-11-09T11:43:49","slug":"programa-tecnics-dintegracio-social-i-educadors-socials","status":"publish","type":"post","link":"https:\/\/agora.xtec.cat\/escolacampclar\/general\/programa-tecnics-dintegracio-social-i-educadors-socials\/","title":{"rendered":"Programa T\u00e8cnics d\u2019integraci\u00f3 social i educadors socials"},"content":{"rendered":"<p align=\"left\"><a href=\"https:\/\/agora.xtec.cat\/escolacampclar\/wp-content\/uploads\/usu687\/2023\/06\/logo-departament.jpg\"><img loading=\"lazy\" decoding=\"async\" class=\"alignnone wp-image-3881\" src=\"https:\/\/agora.xtec.cat\/escolacampclar\/wp-content\/uploads\/usu687\/2023\/06\/logo-departament-300x69.jpg\" alt=\"\" width=\"252\" height=\"58\" srcset=\"https:\/\/agora.xtec.cat\/escolacampclar\/wp-content\/uploads\/usu687\/2023\/06\/logo-departament-300x69.jpg 300w, https:\/\/agora.xtec.cat\/escolacampclar\/wp-content\/uploads\/usu687\/2023\/06\/logo-departament.jpg 461w\" sizes=\"auto, (max-width: 252px) 100vw, 252px\" \/><\/a><a href=\"https:\/\/agora.xtec.cat\/escolacampclar\/wp-content\/uploads\/usu687\/2023\/06\/unio-europea.png\"><img loading=\"lazy\" decoding=\"async\" class=\"alignnone wp-image-3882\" src=\"https:\/\/agora.xtec.cat\/escolacampclar\/wp-content\/uploads\/usu687\/2023\/06\/unio-europea-300x77.png\" alt=\"\" width=\"253\" height=\"65\" \/><\/a><\/p>\n<p align=\"left\"><span style=\"font-size: medium;\">El nostre<\/span><span style=\"font-size: medium;\"> centre disposa de professionals d\u2019atenci\u00f3 educativa amb la finalitat de garantir l\u2019equitat en l\u2019acc\u00e9s a l\u2019educaci\u00f3. <\/span><span style=\"font-size: medium;\">La dotaci\u00f3 del centre \u00e9s <\/span><span style=\"font-size: medium;\">una TIS de programa. <\/span><span style=\"font-size: medium;\">La contractaci\u00f3 d\u2019aquests professionals est\u00e0 cofinan\u00e7at en un 40% per la Uni\u00f3 Europea i la resta pel Departament d\u2019Educaci\u00f3. <\/span><span style=\"font-size: medium;\">Els objectius plantejats amb aquesta incorporaci\u00f3 als centre s\u00f3n:<\/span><\/p>\n<p align=\"left\"><span style=\"font-size: medium;\">&#8211;<\/span> <span style=\"font-size: medium;\">Prevenir l\u2019abandonament prematur i el frac\u00e0s escolar<\/span><\/p>\n<p align=\"left\"><span style=\"font-size: medium;\">&#8211;<\/span> <span style=\"font-size: medium;\">Procurar el benestar emocional dels alumnes<\/span><\/p>\n<p align=\"left\"><span style=\"font-size: medium;\">&#8211;<\/span> <span style=\"font-size: medium;\">Facilitar una bona conviv\u00e8ncia en els centres educatius.<\/span><\/p>\n<p align=\"left\"><span style=\"font-size: medium;\">&#8211;<\/span> <span style=\"font-size: medium;\">Contribuir a l\u2019orientaci\u00f3 dels alumnes<\/span><\/p>\n<p align=\"left\"><span style=\"font-size: medium;\">&#8211;<\/span> <span style=\"font-size: medium;\">Fomentar la implicaci\u00f3 de les fam\u00edlies<\/span><\/p>\n<p align=\"left\"><span style=\"font-size: medium;\">&#8211;<\/span> <span style=\"font-size: medium;\">Fomentar el vincle entre l\u2019escola i el seu entorn.<\/span><\/p>\n<p align=\"left\"><span style=\"font-size: medium;\">&#8211;<\/span> <span style=\"font-size: medium;\">Contribuir al desenvolupament de plans d\u2019\u00e0mbit comunitari.<\/span><\/p>\n<p align=\"justify\"><span style=\"font-size: medium;\">El resultat esperat d\u2019aquesta iniciativa \u00e9s reduir l\u2019absentisme escolar.<\/span><\/p>\n<p align=\"justify\">\n","protected":false},"excerpt":{"rendered":"<p><a href=\"https:\/\/agora.xtec.cat\/escolacampclar\/wp-content\/uploads\/usu687\/2023\/06\/logo-departament.jpg\"><\/a><a href=\"https:\/\/agora.xtec.cat\/escolacampclar\/wp-content\/uploads\/usu687\/2023\/06\/unio-europea.png\"><\/a><br \/>\nEl nostre centre disposa de professionals d\u2019atenci\u00f3 educativa amb la finalitat de garantir l\u2019equitat en l\u2019acc\u00e9s a l\u2019educaci\u00f3. La dotaci\u00f3 del centre \u00e9s una TIS de programa. La contractaci\u00f3 d\u2019aquests professionals est\u00e0 cofinan\u00e7at en un 40% per la Uni\u00f3 Europea i la resta&hellip;  <a href=\"https:\/\/agora.xtec.cat\/escolacampclar\/general\/programa-tecnics-dintegracio-social-i-educadors-socials\/\" title=\"Read Programa T\u00e8cnics d\u2019integraci\u00f3 social i educadors socials\">Llegeix m\u00e9s\u00bb<\/a><\/p>\n","protected":false},"author":26,"featured_media":3882,"comment_status":"open","ping_status":"closed","sticky":false,"template":"","format":"standard","meta":{"_bbp_topic_count":0,"_bbp_reply_count":0,"_bbp_total_topic_count":0,"_bbp_total_reply_count":0,"_bbp_voice_count":0,"_bbp_anonymous_reply_count":0,"_bbp_topic_count_hidden":0,"_bbp_reply_count_hidden":0,"_bbp_forum_subforum_count":0,"footnotes":""},"categories":[1],"tags":[],"class_list":["post-3890","post","type-post","status-publish","format-standard","has-post-thumbnail","hentry","category-general"],"post_mailing_queue_ids":[],"_links":{"self":[{"href":"https:\/\/agora.xtec.cat\/escolacampclar\/wp-json\/wp\/v2\/posts\/3890","targetHints":{"allow":["GET"]}}],"collection":[{"href":"https:\/\/agora.xtec.cat\/escolacampclar\/wp-json\/wp\/v2\/posts"}],"about":[{"href":"https:\/\/agora.xtec.cat\/escolacampclar\/wp-json\/wp\/v2\/types\/post"}],"author":[{"embeddable":true,"href":"https:\/\/agora.xtec.cat\/escolacampclar\/wp-json\/wp\/v2\/users\/26"}],"replies":[{"embeddable":true,"href":"https:\/\/agora.xtec.cat\/escolacampclar\/wp-json\/wp\/v2\/comments?post=3890"}],"version-history":[{"count":3,"href":"https:\/\/agora.xtec.cat\/escolacampclar\/wp-json\/wp\/v2\/posts\/3890\/revisions"}],"predecessor-version":[{"id":3895,"href":"https:\/\/agora.xtec.cat\/escolacampclar\/wp-json\/wp\/v2\/posts\/3890\/revisions\/3895"}],"wp:featuredmedia":[{"embeddable":true,"href":"https:\/\/agora.xtec.cat\/escolacampclar\/wp-json\/wp\/v2\/media\/3882"}],"wp:attachment":[{"href":"https:\/\/agora.xtec.cat\/escolacampclar\/wp-json\/wp\/v2\/media?parent=3890"}],"wp:term":[{"taxonomy":"category","embeddable":true,"href":"https:\/\/agora.xtec.cat\/escolacampclar\/wp-json\/wp\/v2\/categories?post=3890"},{"taxonomy":"post_tag","embeddable":true,"href":"https:\/\/agora.xtec.cat\/escolacampclar\/wp-json\/wp\/v2\/tags?post=3890"}],"curies":[{"name":"wp","href":"https:\/\/api.w.org\/{rel}","templated":true}]}}