{"id":3868,"date":"2023-06-20T17:24:12","date_gmt":"2023-06-20T15:24:12","guid":{"rendered":"https:\/\/agora.xtec.cat\/escolacampclar\/?p=3868"},"modified":"2023-11-09T12:43:50","modified_gmt":"2023-11-09T11:43:50","slug":"fira-salut","status":"publish","type":"post","link":"https:\/\/agora.xtec.cat\/escolacampclar\/general\/fira-salut\/","title":{"rendered":"FIRA SALUT"},"content":{"rendered":"<h6><a href=\"https:\/\/agora.xtec.cat\/escolacampclar\/wp-content\/uploads\/usu687\/2023\/06\/fira-salut.jpg\"><img loading=\"lazy\" decoding=\"async\" class=\" wp-image-3869 aligncenter\" src=\"https:\/\/agora.xtec.cat\/escolacampclar\/wp-content\/uploads\/usu687\/2023\/06\/fira-salut-759x1024.jpg\" alt=\"\" width=\"504\" height=\"680\" srcset=\"https:\/\/agora.xtec.cat\/escolacampclar\/wp-content\/uploads\/usu687\/2023\/06\/fira-salut-759x1024.jpg 759w, https:\/\/agora.xtec.cat\/escolacampclar\/wp-content\/uploads\/usu687\/2023\/06\/fira-salut-222x300.jpg 222w, https:\/\/agora.xtec.cat\/escolacampclar\/wp-content\/uploads\/usu687\/2023\/06\/fira-salut-768x1037.jpg 768w, https:\/\/agora.xtec.cat\/escolacampclar\/wp-content\/uploads\/usu687\/2023\/06\/fira-salut.jpg 1060w\" sizes=\"auto, (max-width: 504px) 100vw, 504px\" \/><\/a><\/h6>\n<p>&nbsp;<\/p>\n<p>Aquest curs, dins la franja de treball globalitzat, l&#8217;alumnat d&#8217;I\u00a04 a 6\u00e8, hem dedicat les sessions a respondre la nostra pregunta&#8221; Com podem tenir una vida m\u00e9s sana?&#8221;<br \/>\nA partir d&#8217;una xarxa de relacions que hem elaborat entre tots, hem anat aprenent i responent a poc a poc a la nostra pregunta.<br \/>\nEl producte final de tot aquest treball ha estat la Fira de la salut, amb els tallers i les activitats, hem ensenyat a les fam\u00edlies tot all\u00f2 que hem anat aprenent.<br \/>\nLa fira ha estat tot un \u00e8xit!<br \/>\nFelicitem i agra\u00efm a les fam\u00edlies la vostra implicaci\u00f3.<br \/>\nSOM UNA PINYA!<\/p>\n<p>A continuaci\u00f3 podeu veure un <strong><a href=\"https:\/\/drive.google.com\/drive\/folders\/10Glu7fROdPMUBiZgpQ1UfGn47SYYon9f?usp=sharing\">recull de fotografies<\/a>.<\/strong><\/p>\n","protected":false},"excerpt":{"rendered":"<p><a href=\"https:\/\/agora.xtec.cat\/escolacampclar\/wp-content\/uploads\/usu687\/2023\/06\/fira-salut.jpg\"><\/a><br \/>\n&nbsp;<br \/>\nAquest curs, dins la franja de treball globalitzat, l&#8217;alumnat d&#8217;I\u00a04 a 6\u00e8, hem dedicat les sessions a respondre la nostra pregunta&#8221; Com podem tenir una vida m\u00e9s sana?&#8221;<br \/>\nA partir d&#8217;una xarxa de relacions que hem elaborat entre tots, hem anat aprenent i responent a&hellip;  <a href=\"https:\/\/agora.xtec.cat\/escolacampclar\/general\/fira-salut\/\" title=\"Read FIRA SALUT\">Llegeix m\u00e9s\u00bb<\/a><\/p>\n","protected":false},"author":14,"featured_media":3869,"comment_status":"open","ping_status":"closed","sticky":false,"template":"","format":"standard","meta":{"_bbp_topic_count":0,"_bbp_reply_count":0,"_bbp_total_topic_count":0,"_bbp_total_reply_count":0,"_bbp_voice_count":0,"_bbp_anonymous_reply_count":0,"_bbp_topic_count_hidden":0,"_bbp_reply_count_hidden":0,"_bbp_forum_subforum_count":0,"footnotes":""},"categories":[1],"tags":[],"class_list":["post-3868","post","type-post","status-publish","format-standard","has-post-thumbnail","hentry","category-general"],"post_mailing_queue_ids":[],"_links":{"self":[{"href":"https:\/\/agora.xtec.cat\/escolacampclar\/wp-json\/wp\/v2\/posts\/3868","targetHints":{"allow":["GET"]}}],"collection":[{"href":"https:\/\/agora.xtec.cat\/escolacampclar\/wp-json\/wp\/v2\/posts"}],"about":[{"href":"https:\/\/agora.xtec.cat\/escolacampclar\/wp-json\/wp\/v2\/types\/post"}],"author":[{"embeddable":true,"href":"https:\/\/agora.xtec.cat\/escolacampclar\/wp-json\/wp\/v2\/users\/14"}],"replies":[{"embeddable":true,"href":"https:\/\/agora.xtec.cat\/escolacampclar\/wp-json\/wp\/v2\/comments?post=3868"}],"version-history":[{"count":1,"href":"https:\/\/agora.xtec.cat\/escolacampclar\/wp-json\/wp\/v2\/posts\/3868\/revisions"}],"predecessor-version":[{"id":3870,"href":"https:\/\/agora.xtec.cat\/escolacampclar\/wp-json\/wp\/v2\/posts\/3868\/revisions\/3870"}],"wp:featuredmedia":[{"embeddable":true,"href":"https:\/\/agora.xtec.cat\/escolacampclar\/wp-json\/wp\/v2\/media\/3869"}],"wp:attachment":[{"href":"https:\/\/agora.xtec.cat\/escolacampclar\/wp-json\/wp\/v2\/media?parent=3868"}],"wp:term":[{"taxonomy":"category","embeddable":true,"href":"https:\/\/agora.xtec.cat\/escolacampclar\/wp-json\/wp\/v2\/categories?post=3868"},{"taxonomy":"post_tag","embeddable":true,"href":"https:\/\/agora.xtec.cat\/escolacampclar\/wp-json\/wp\/v2\/tags?post=3868"}],"curies":[{"name":"wp","href":"https:\/\/api.w.org\/{rel}","templated":true}]}}