{"id":3859,"date":"2023-06-12T09:35:27","date_gmt":"2023-06-12T07:35:27","guid":{"rendered":"https:\/\/agora.xtec.cat\/escolacampclar\/?p=3859"},"modified":"2023-11-09T12:43:50","modified_gmt":"2023-11-09T11:43:50","slug":"treball-globalitzat-5e","status":"publish","type":"post","link":"https:\/\/agora.xtec.cat\/escolacampclar\/general\/treball-globalitzat-5e\/","title":{"rendered":"TREBALL GLOBALITZAT 5\u00e8"},"content":{"rendered":"<p><a href=\"https:\/\/agora.xtec.cat\/escolacampclar\/wp-content\/uploads\/usu687\/2023\/06\/SUPERXARXA-TREBALL-GLOBALITZAT-1.png\"><img loading=\"lazy\" decoding=\"async\" class=\"alignnone size-full wp-image-3860\" src=\"https:\/\/agora.xtec.cat\/escolacampclar\/wp-content\/uploads\/usu687\/2023\/06\/SUPERXARXA-TREBALL-GLOBALITZAT-1.png\" alt=\"\" width=\"1024\" height=\"768\" srcset=\"https:\/\/agora.xtec.cat\/escolacampclar\/wp-content\/uploads\/usu687\/2023\/06\/SUPERXARXA-TREBALL-GLOBALITZAT-1.png 1024w, https:\/\/agora.xtec.cat\/escolacampclar\/wp-content\/uploads\/usu687\/2023\/06\/SUPERXARXA-TREBALL-GLOBALITZAT-1-300x225.png 300w, https:\/\/agora.xtec.cat\/escolacampclar\/wp-content\/uploads\/usu687\/2023\/06\/SUPERXARXA-TREBALL-GLOBALITZAT-1-768x576.png 768w, https:\/\/agora.xtec.cat\/escolacampclar\/wp-content\/uploads\/usu687\/2023\/06\/SUPERXARXA-TREBALL-GLOBALITZAT-1-200x150.png 200w\" sizes=\"auto, (max-width: 1024px) 100vw, 1024px\" \/><\/a>Al llarg d&#8217;aquest curs acad\u00e8mic, l&#8217;alumnat de la nostra escola ha treballat de forma conjunta\u00a0<span style=\"font-family: inherit; font-size: 1em;\">el projecte globalitzador titulat &#8220;Com podem tenir una vida m\u00e9s sana?&#8221; La finalitat del mateix \u00e9s adquirir h\u00e0bits saludables que condueixin a una millor qualitat de vida present i futura.<\/span><\/p>\n<p>L&#8217;alumnat de 5\u00e8 ha preparat un v\u00eddeo que recull les evid\u00e8ncies del seu treball i esfor\u00e7. Tamb\u00e9 han volgut explicar quins h\u00e0bits i rutines de la seva vida di\u00e0ria han modificat per tenir una vida m\u00e9s saludable.<\/p>\n<p>En el <a href=\"https:\/\/drive.google.com\/file\/d\/1bpWOcjNN5Vamz74tTNmZpj_c0gWwUJOf\/view?usp=sharing\">seg\u00fcent enlla\u00e7<\/a> podeu veure el v\u00eddeo.<\/p>\n","protected":false},"excerpt":{"rendered":"<p><a href=\"https:\/\/agora.xtec.cat\/escolacampclar\/wp-content\/uploads\/usu687\/2023\/06\/SUPERXARXA-TREBALL-GLOBALITZAT-1.png\"><\/a>Al llarg d&#8217;aquest curs acad\u00e8mic, l&#8217;alumnat de la nostra escola ha treballat de forma conjunta\u00a0el projecte globalitzador titulat &#8220;Com podem tenir una vida m\u00e9s sana?&#8221; La finalitat del mateix \u00e9s adquirir h\u00e0bits saludables que condueixin a una millor qualitat de vida present i futura.<br \/>\nL&#8217;alumnat&hellip;  <a href=\"https:\/\/agora.xtec.cat\/escolacampclar\/general\/treball-globalitzat-5e\/\" title=\"Read TREBALL GLOBALITZAT 5\u00e8\">Llegeix m\u00e9s\u00bb<\/a><\/p>\n","protected":false},"author":29,"featured_media":3860,"comment_status":"open","ping_status":"closed","sticky":false,"template":"","format":"standard","meta":{"_bbp_topic_count":0,"_bbp_reply_count":0,"_bbp_total_topic_count":0,"_bbp_total_reply_count":0,"_bbp_voice_count":0,"_bbp_anonymous_reply_count":0,"_bbp_topic_count_hidden":0,"_bbp_reply_count_hidden":0,"_bbp_forum_subforum_count":0,"footnotes":""},"categories":[26,1],"tags":[424,429,428],"class_list":["post-3859","post","type-post","status-publish","format-standard","has-post-thumbnail","hentry","category-cicle-superior","category-general","tag-cinque","tag-habits-saludables","tag-treball-globalitzat"],"post_mailing_queue_ids":[],"_links":{"self":[{"href":"https:\/\/agora.xtec.cat\/escolacampclar\/wp-json\/wp\/v2\/posts\/3859","targetHints":{"allow":["GET"]}}],"collection":[{"href":"https:\/\/agora.xtec.cat\/escolacampclar\/wp-json\/wp\/v2\/posts"}],"about":[{"href":"https:\/\/agora.xtec.cat\/escolacampclar\/wp-json\/wp\/v2\/types\/post"}],"author":[{"embeddable":true,"href":"https:\/\/agora.xtec.cat\/escolacampclar\/wp-json\/wp\/v2\/users\/29"}],"replies":[{"embeddable":true,"href":"https:\/\/agora.xtec.cat\/escolacampclar\/wp-json\/wp\/v2\/comments?post=3859"}],"version-history":[{"count":1,"href":"https:\/\/agora.xtec.cat\/escolacampclar\/wp-json\/wp\/v2\/posts\/3859\/revisions"}],"predecessor-version":[{"id":3861,"href":"https:\/\/agora.xtec.cat\/escolacampclar\/wp-json\/wp\/v2\/posts\/3859\/revisions\/3861"}],"wp:featuredmedia":[{"embeddable":true,"href":"https:\/\/agora.xtec.cat\/escolacampclar\/wp-json\/wp\/v2\/media\/3860"}],"wp:attachment":[{"href":"https:\/\/agora.xtec.cat\/escolacampclar\/wp-json\/wp\/v2\/media?parent=3859"}],"wp:term":[{"taxonomy":"category","embeddable":true,"href":"https:\/\/agora.xtec.cat\/escolacampclar\/wp-json\/wp\/v2\/categories?post=3859"},{"taxonomy":"post_tag","embeddable":true,"href":"https:\/\/agora.xtec.cat\/escolacampclar\/wp-json\/wp\/v2\/tags?post=3859"}],"curies":[{"name":"wp","href":"https:\/\/api.w.org\/{rel}","templated":true}]}}