{"id":3855,"date":"2023-06-07T15:48:28","date_gmt":"2023-06-07T13:48:28","guid":{"rendered":"https:\/\/agora.xtec.cat\/escolacampclar\/?p=3855"},"modified":"2023-11-09T12:43:50","modified_gmt":"2023-11-09T11:43:50","slug":"formacio-dacollida-per-a-dones","status":"publish","type":"post","link":"https:\/\/agora.xtec.cat\/escolacampclar\/general\/formacio-dacollida-per-a-dones\/","title":{"rendered":"FORMACI\u00d3 D&#8217;ACOLLIDA PER A DONES"},"content":{"rendered":"<p>&nbsp;<\/p>\n<p><a href=\"https:\/\/agora.xtec.cat\/escolacampclar\/wp-content\/uploads\/usu687\/2023\/06\/Dones.jpg\"><img loading=\"lazy\" decoding=\"async\" class=\"wp-image-3856 aligncenter\" src=\"https:\/\/agora.xtec.cat\/escolacampclar\/wp-content\/uploads\/usu687\/2023\/06\/Dones-1024x1024.jpg\" alt=\"\" width=\"462\" height=\"462\" srcset=\"https:\/\/agora.xtec.cat\/escolacampclar\/wp-content\/uploads\/usu687\/2023\/06\/Dones-1024x1024.jpg 1024w, https:\/\/agora.xtec.cat\/escolacampclar\/wp-content\/uploads\/usu687\/2023\/06\/Dones-300x300.jpg 300w, https:\/\/agora.xtec.cat\/escolacampclar\/wp-content\/uploads\/usu687\/2023\/06\/Dones-150x150.jpg 150w, https:\/\/agora.xtec.cat\/escolacampclar\/wp-content\/uploads\/usu687\/2023\/06\/Dones-768x768.jpg 768w, https:\/\/agora.xtec.cat\/escolacampclar\/wp-content\/uploads\/usu687\/2023\/06\/Dones-1536x1536.jpg 1536w, https:\/\/agora.xtec.cat\/escolacampclar\/wp-content\/uploads\/usu687\/2023\/06\/Dones.jpg 2000w\" sizes=\"auto, (max-width: 462px) 100vw, 462px\" \/><\/a><\/p>\n<p>El dimarts 6 de juny es va donar per finalitzada la formaci\u00f3 D&#8217;ACOLLIDA PER A DONES adre\u00e7ada a les mares del centre.<\/p>\n<p>Aquesta formaci\u00f3 t\u00e9 com a objectiu acompanyar i recolzar a les dones en un proc\u00e9s en el qual adquireixen un major domini i control de l&#8217;entorn on viuen, oferint din\u00e0miques i eines per aconseguir la seva autonomia des de perspectiva interseccional i bio-<span class=\"hiddenSpellError\">psico<\/span>-social que treballa diversos aspectes segons les seves necessitats (salut, educaci\u00f3, \u00e0mbit jur\u00eddic, laboral i viol\u00e8ncia masclista).<\/p>\n<p>Aquesta formaci\u00f3 ens la ofert DEPARTAMENT D\u2019IGUALTAT I FEMINISMES dels SERVEIS TERRITORIALS DE TARRAGONA.<\/p>\n<p>&nbsp;<\/p>\n","protected":false},"excerpt":{"rendered":"<p>&nbsp;<br \/>\n<a href=\"https:\/\/agora.xtec.cat\/escolacampclar\/wp-content\/uploads\/usu687\/2023\/06\/Dones.jpg\"><\/a><br \/>\nEl dimarts 6 de juny es va donar per finalitzada la formaci\u00f3 D&#8217;ACOLLIDA PER A DONES adre\u00e7ada a les mares del centre.<br \/>\nAquesta formaci\u00f3 t\u00e9 com a objectiu acompanyar i recolzar a les dones en un proc\u00e9s en el qual adquireixen un major domini i&hellip;  <a href=\"https:\/\/agora.xtec.cat\/escolacampclar\/general\/formacio-dacollida-per-a-dones\/\" title=\"Read FORMACI\u00d3 D&#8217;ACOLLIDA PER A DONES\">Llegeix m\u00e9s\u00bb<\/a><\/p>\n","protected":false},"author":14,"featured_media":3856,"comment_status":"open","ping_status":"closed","sticky":false,"template":"","format":"standard","meta":{"_bbp_topic_count":0,"_bbp_reply_count":0,"_bbp_total_topic_count":0,"_bbp_total_reply_count":0,"_bbp_voice_count":0,"_bbp_anonymous_reply_count":0,"_bbp_topic_count_hidden":0,"_bbp_reply_count_hidden":0,"_bbp_forum_subforum_count":0,"footnotes":""},"categories":[345,1],"tags":[34,44],"class_list":["post-3855","post","type-post","status-publish","format-standard","has-post-thumbnail","hentry","category-campclar","category-general","tag-campclar","tag-escola-campclar"],"post_mailing_queue_ids":[],"_links":{"self":[{"href":"https:\/\/agora.xtec.cat\/escolacampclar\/wp-json\/wp\/v2\/posts\/3855","targetHints":{"allow":["GET"]}}],"collection":[{"href":"https:\/\/agora.xtec.cat\/escolacampclar\/wp-json\/wp\/v2\/posts"}],"about":[{"href":"https:\/\/agora.xtec.cat\/escolacampclar\/wp-json\/wp\/v2\/types\/post"}],"author":[{"embeddable":true,"href":"https:\/\/agora.xtec.cat\/escolacampclar\/wp-json\/wp\/v2\/users\/14"}],"replies":[{"embeddable":true,"href":"https:\/\/agora.xtec.cat\/escolacampclar\/wp-json\/wp\/v2\/comments?post=3855"}],"version-history":[{"count":2,"href":"https:\/\/agora.xtec.cat\/escolacampclar\/wp-json\/wp\/v2\/posts\/3855\/revisions"}],"predecessor-version":[{"id":3858,"href":"https:\/\/agora.xtec.cat\/escolacampclar\/wp-json\/wp\/v2\/posts\/3855\/revisions\/3858"}],"wp:featuredmedia":[{"embeddable":true,"href":"https:\/\/agora.xtec.cat\/escolacampclar\/wp-json\/wp\/v2\/media\/3856"}],"wp:attachment":[{"href":"https:\/\/agora.xtec.cat\/escolacampclar\/wp-json\/wp\/v2\/media?parent=3855"}],"wp:term":[{"taxonomy":"category","embeddable":true,"href":"https:\/\/agora.xtec.cat\/escolacampclar\/wp-json\/wp\/v2\/categories?post=3855"},{"taxonomy":"post_tag","embeddable":true,"href":"https:\/\/agora.xtec.cat\/escolacampclar\/wp-json\/wp\/v2\/tags?post=3855"}],"curies":[{"name":"wp","href":"https:\/\/api.w.org\/{rel}","templated":true}]}}