{"id":3841,"date":"2023-05-25T11:09:42","date_gmt":"2023-05-25T09:09:42","guid":{"rendered":"https:\/\/agora.xtec.cat\/escolacampclar\/?p=3841"},"modified":"2023-11-09T12:43:50","modified_gmt":"2023-11-09T11:43:50","slug":"colonies-curs-22-23","status":"publish","type":"post","link":"https:\/\/agora.xtec.cat\/escolacampclar\/general\/colonies-curs-22-23\/","title":{"rendered":"COL\u00d2NIES CURS 22\/23"},"content":{"rendered":"<p>La setmana passada l&#8217;alumnat de 5\u00e8 i 6\u00e8 van anar a passar tres dies de col\u00f2nies al Delta de l&#8217;Ebre. Va ser una experi\u00e8ncia inoblidable, carregada d&#8217;emocions i activitats de conviv\u00e8ncia envoltats d&#8217;un entorn natural \u00fanic.<\/p>\n<p>En aquest <a href=\"https:\/\/drive.google.com\/drive\/folders\/1-hi3Yj2WMkrmMSiQ1JSBiRkOw1ViS2yh?usp=sharing\">enlla\u00e7<\/a> us deixem un recull de fotografies de les tres jornades. <a href=\"https:\/\/agora.xtec.cat\/escolacampclar\/wp-content\/uploads\/usu687\/2023\/05\/IMG_0315-1-1-scaled.jpg\"><img loading=\"lazy\" decoding=\"async\" class=\"alignnone size-large wp-image-3843\" src=\"https:\/\/agora.xtec.cat\/escolacampclar\/wp-content\/uploads\/usu687\/2023\/05\/IMG_0315-1-1-1024x768.jpg\" alt=\"\" width=\"1024\" height=\"768\" srcset=\"https:\/\/agora.xtec.cat\/escolacampclar\/wp-content\/uploads\/usu687\/2023\/05\/IMG_0315-1-1-1024x768.jpg 1024w, https:\/\/agora.xtec.cat\/escolacampclar\/wp-content\/uploads\/usu687\/2023\/05\/IMG_0315-1-1-300x225.jpg 300w, https:\/\/agora.xtec.cat\/escolacampclar\/wp-content\/uploads\/usu687\/2023\/05\/IMG_0315-1-1-768x576.jpg 768w, https:\/\/agora.xtec.cat\/escolacampclar\/wp-content\/uploads\/usu687\/2023\/05\/IMG_0315-1-1-1536x1152.jpg 1536w, https:\/\/agora.xtec.cat\/escolacampclar\/wp-content\/uploads\/usu687\/2023\/05\/IMG_0315-1-1-2048x1536.jpg 2048w, https:\/\/agora.xtec.cat\/escolacampclar\/wp-content\/uploads\/usu687\/2023\/05\/IMG_0315-1-1-200x150.jpg 200w\" sizes=\"auto, (max-width: 1024px) 100vw, 1024px\" \/><\/a><\/p>\n<p>&nbsp;<\/p>\n","protected":false},"excerpt":{"rendered":"<p>La setmana passada l&#8217;alumnat de 5\u00e8 i 6\u00e8 van anar a passar tres dies de col\u00f2nies al Delta de l&#8217;Ebre. Va ser una experi\u00e8ncia inoblidable, carregada d&#8217;emocions i activitats de conviv\u00e8ncia envoltats d&#8217;un entorn natural \u00fanic.<br \/>\nEn aquest <a href=\"https:\/\/drive.google.com\/drive\/folders\/1-hi3Yj2WMkrmMSiQ1JSBiRkOw1ViS2yh?usp=sharing\">enlla\u00e7<\/a> us deixem un recull de fotografies&hellip;  <a href=\"https:\/\/agora.xtec.cat\/escolacampclar\/general\/colonies-curs-22-23\/\" title=\"Read COL\u00d2NIES CURS 22\/23\">Llegeix m\u00e9s\u00bb<\/a><\/p>\n","protected":false},"author":29,"featured_media":3842,"comment_status":"open","ping_status":"closed","sticky":false,"template":"","format":"standard","meta":{"_bbp_topic_count":0,"_bbp_reply_count":0,"_bbp_total_topic_count":0,"_bbp_total_reply_count":0,"_bbp_voice_count":0,"_bbp_anonymous_reply_count":0,"_bbp_topic_count_hidden":0,"_bbp_reply_count_hidden":0,"_bbp_forum_subforum_count":0,"footnotes":""},"categories":[26,344,1,415],"tags":[419,420,421],"class_list":["post-3841","post","type-post","status-publish","format-standard","has-post-thumbnail","hentry","category-cicle-superior","category-escola-campclar","category-general","category-sortides","tag-colonies","tag-comunitat-dels-grans","tag-la-rapita"],"post_mailing_queue_ids":[],"_links":{"self":[{"href":"https:\/\/agora.xtec.cat\/escolacampclar\/wp-json\/wp\/v2\/posts\/3841","targetHints":{"allow":["GET"]}}],"collection":[{"href":"https:\/\/agora.xtec.cat\/escolacampclar\/wp-json\/wp\/v2\/posts"}],"about":[{"href":"https:\/\/agora.xtec.cat\/escolacampclar\/wp-json\/wp\/v2\/types\/post"}],"author":[{"embeddable":true,"href":"https:\/\/agora.xtec.cat\/escolacampclar\/wp-json\/wp\/v2\/users\/29"}],"replies":[{"embeddable":true,"href":"https:\/\/agora.xtec.cat\/escolacampclar\/wp-json\/wp\/v2\/comments?post=3841"}],"version-history":[{"count":1,"href":"https:\/\/agora.xtec.cat\/escolacampclar\/wp-json\/wp\/v2\/posts\/3841\/revisions"}],"predecessor-version":[{"id":3844,"href":"https:\/\/agora.xtec.cat\/escolacampclar\/wp-json\/wp\/v2\/posts\/3841\/revisions\/3844"}],"wp:featuredmedia":[{"embeddable":true,"href":"https:\/\/agora.xtec.cat\/escolacampclar\/wp-json\/wp\/v2\/media\/3842"}],"wp:attachment":[{"href":"https:\/\/agora.xtec.cat\/escolacampclar\/wp-json\/wp\/v2\/media?parent=3841"}],"wp:term":[{"taxonomy":"category","embeddable":true,"href":"https:\/\/agora.xtec.cat\/escolacampclar\/wp-json\/wp\/v2\/categories?post=3841"},{"taxonomy":"post_tag","embeddable":true,"href":"https:\/\/agora.xtec.cat\/escolacampclar\/wp-json\/wp\/v2\/tags?post=3841"}],"curies":[{"name":"wp","href":"https:\/\/api.w.org\/{rel}","templated":true}]}}