{"id":3836,"date":"2023-05-17T13:26:39","date_gmt":"2023-05-17T11:26:39","guid":{"rendered":"https:\/\/agora.xtec.cat\/escolacampclar\/?p=3836"},"modified":"2023-05-17T13:29:49","modified_gmt":"2023-05-17T11:29:49","slug":"ens-visita-la-guardia-urbana","status":"publish","type":"post","link":"https:\/\/agora.xtec.cat\/escolacampclar\/general\/ens-visita-la-guardia-urbana\/","title":{"rendered":"ENS VISITA LA GU\u00c0RDIA URBANA!"},"content":{"rendered":"<p>Fam\u00edlies mireu com hem gaudit de la visita de la Gu\u00e0rdia Urbana.<\/p>\n<p style=\"text-align: center;\"><a href=\"https:\/\/agora.xtec.cat\/escolacampclar\/wp-content\/uploads\/usu687\/2023\/05\/ENS-VISITA-LA-GUARDIA-URBANA-scaled.jpg\"><img loading=\"lazy\" decoding=\"async\" class=\"alignnone size-large wp-image-3837\" src=\"https:\/\/agora.xtec.cat\/escolacampclar\/wp-content\/uploads\/usu687\/2023\/05\/ENS-VISITA-LA-GUARDIA-URBANA-1024x512.jpg\" alt=\"\" width=\"1024\" height=\"512\" srcset=\"https:\/\/agora.xtec.cat\/escolacampclar\/wp-content\/uploads\/usu687\/2023\/05\/ENS-VISITA-LA-GUARDIA-URBANA-1024x512.jpg 1024w, https:\/\/agora.xtec.cat\/escolacampclar\/wp-content\/uploads\/usu687\/2023\/05\/ENS-VISITA-LA-GUARDIA-URBANA-300x150.jpg 300w, https:\/\/agora.xtec.cat\/escolacampclar\/wp-content\/uploads\/usu687\/2023\/05\/ENS-VISITA-LA-GUARDIA-URBANA-768x384.jpg 768w, https:\/\/agora.xtec.cat\/escolacampclar\/wp-content\/uploads\/usu687\/2023\/05\/ENS-VISITA-LA-GUARDIA-URBANA-1536x768.jpg 1536w, https:\/\/agora.xtec.cat\/escolacampclar\/wp-content\/uploads\/usu687\/2023\/05\/ENS-VISITA-LA-GUARDIA-URBANA-2048x1024.jpg 2048w\" sizes=\"auto, (max-width: 1024px) 100vw, 1024px\" \/><\/a><\/p>\n<p>Ara ens sentim una mica policies!!!<\/p>\n<p>Podeu veure el recull de fotografies <a href=\"https:\/\/drive.google.com\/drive\/folders\/1Z10wNY_r8DX7DENVzsjuSvdcvPDzKjBx?usp=sharing\">aqu\u00ed<\/a>.<\/p>\n<p>&nbsp;<\/p>\n","protected":false},"excerpt":{"rendered":"<p>Fam\u00edlies mireu com hem gaudit de la visita de la Gu\u00e0rdia Urbana.<br \/>\n<a href=\"https:\/\/agora.xtec.cat\/escolacampclar\/wp-content\/uploads\/usu687\/2023\/05\/ENS-VISITA-LA-GUARDIA-URBANA-scaled.jpg\"><\/a><br \/>\nAra ens sentim una mica policies!!!<br \/>\nPodeu veure el recull de fotografies <a href=\"https:\/\/drive.google.com\/drive\/folders\/1Z10wNY_r8DX7DENVzsjuSvdcvPDzKjBx?usp=sharing\">aqu\u00ed<\/a>.<br \/>\n&nbsp;<\/p>\n","protected":false},"author":28,"featured_media":3837,"comment_status":"open","ping_status":"closed","sticky":false,"template":"","format":"standard","meta":{"_bbp_topic_count":0,"_bbp_reply_count":0,"_bbp_total_topic_count":0,"_bbp_total_reply_count":0,"_bbp_voice_count":0,"_bbp_anonymous_reply_count":0,"_bbp_topic_count_hidden":0,"_bbp_reply_count_hidden":0,"_bbp_forum_subforum_count":0,"footnotes":""},"categories":[345,59,344,1,416],"tags":[42,44,418],"class_list":["post-3836","post","type-post","status-publish","format-standard","has-post-thumbnail","hentry","category-campclar","category-infantil","category-escola-campclar","category-general","category-visites","tag-educacio-infantil-2","tag-escola-campclar","tag-visites"],"post_mailing_queue_ids":[],"_links":{"self":[{"href":"https:\/\/agora.xtec.cat\/escolacampclar\/wp-json\/wp\/v2\/posts\/3836","targetHints":{"allow":["GET"]}}],"collection":[{"href":"https:\/\/agora.xtec.cat\/escolacampclar\/wp-json\/wp\/v2\/posts"}],"about":[{"href":"https:\/\/agora.xtec.cat\/escolacampclar\/wp-json\/wp\/v2\/types\/post"}],"author":[{"embeddable":true,"href":"https:\/\/agora.xtec.cat\/escolacampclar\/wp-json\/wp\/v2\/users\/28"}],"replies":[{"embeddable":true,"href":"https:\/\/agora.xtec.cat\/escolacampclar\/wp-json\/wp\/v2\/comments?post=3836"}],"version-history":[{"count":2,"href":"https:\/\/agora.xtec.cat\/escolacampclar\/wp-json\/wp\/v2\/posts\/3836\/revisions"}],"predecessor-version":[{"id":3840,"href":"https:\/\/agora.xtec.cat\/escolacampclar\/wp-json\/wp\/v2\/posts\/3836\/revisions\/3840"}],"wp:featuredmedia":[{"embeddable":true,"href":"https:\/\/agora.xtec.cat\/escolacampclar\/wp-json\/wp\/v2\/media\/3837"}],"wp:attachment":[{"href":"https:\/\/agora.xtec.cat\/escolacampclar\/wp-json\/wp\/v2\/media?parent=3836"}],"wp:term":[{"taxonomy":"category","embeddable":true,"href":"https:\/\/agora.xtec.cat\/escolacampclar\/wp-json\/wp\/v2\/categories?post=3836"},{"taxonomy":"post_tag","embeddable":true,"href":"https:\/\/agora.xtec.cat\/escolacampclar\/wp-json\/wp\/v2\/tags?post=3836"}],"curies":[{"name":"wp","href":"https:\/\/api.w.org\/{rel}","templated":true}]}}