{"id":3833,"date":"2023-04-28T08:30:08","date_gmt":"2023-04-28T06:30:08","guid":{"rendered":"https:\/\/agora.xtec.cat\/escolacampclar\/?p=3833"},"modified":"2023-05-11T22:29:29","modified_gmt":"2023-05-11T20:29:29","slug":"sortida-poblet-montblanc","status":"publish","type":"post","link":"https:\/\/agora.xtec.cat\/escolacampclar\/general\/sortida-poblet-montblanc\/","title":{"rendered":"SORTIDA POBLET MONTBLANC"},"content":{"rendered":"<p><a href=\"https:\/\/agora.xtec.cat\/escolacampclar\/wp-content\/uploads\/usu687\/2023\/05\/EL-DRAC-DEL-NOSTRE-POBLE-1.jpg\"><img loading=\"lazy\" decoding=\"async\" class=\" wp-image-3834 aligncenter\" src=\"https:\/\/agora.xtec.cat\/escolacampclar\/wp-content\/uploads\/usu687\/2023\/05\/EL-DRAC-DEL-NOSTRE-POBLE-1-683x1024.jpg\" alt=\"\" width=\"338\" height=\"507\" srcset=\"https:\/\/agora.xtec.cat\/escolacampclar\/wp-content\/uploads\/usu687\/2023\/05\/EL-DRAC-DEL-NOSTRE-POBLE-1-683x1024.jpg 683w, https:\/\/agora.xtec.cat\/escolacampclar\/wp-content\/uploads\/usu687\/2023\/05\/EL-DRAC-DEL-NOSTRE-POBLE-1-200x300.jpg 200w, https:\/\/agora.xtec.cat\/escolacampclar\/wp-content\/uploads\/usu687\/2023\/05\/EL-DRAC-DEL-NOSTRE-POBLE-1-768x1152.jpg 768w, https:\/\/agora.xtec.cat\/escolacampclar\/wp-content\/uploads\/usu687\/2023\/05\/EL-DRAC-DEL-NOSTRE-POBLE-1.jpg 800w\" sizes=\"auto, (max-width: 338px) 100vw, 338px\" \/><\/a><\/p>\n<p>El passat 20 d&#8217;abril, els i les alumnes de 5\u00e8 i 6\u00e8 vam anar d&#8217;excursi\u00f3 al Monestir de Poblet i a Montblanc. Va ser un dia molt profit\u00f3s i interessant, vam poder fer una veritable immersi\u00f3 a l&#8217;Edat Mitjana. A m\u00e9s, va coincidir amb els preparatius per les celebracions de Sant Jordi i Montblanc estava molt ben guarnida.<br \/>\nVam aprendre i ens ho vam passar molt b\u00e9, qu\u00e8 m\u00e9s\u00a0es\u00a0pot\u00a0demanar?<\/p>\n<p>A continuaci\u00f3 podreu veure un recull de<a href=\"https:\/\/drive.google.com\/drive\/folders\/1-DFcdi_PsGnY0zNXoY8IrRFF5WHuwpYj?usp=sharing\"> fotografies\u00a0<\/a><\/p>\n","protected":false},"excerpt":{"rendered":"<p><a href=\"https:\/\/agora.xtec.cat\/escolacampclar\/wp-content\/uploads\/usu687\/2023\/05\/EL-DRAC-DEL-NOSTRE-POBLE-1.jpg\"><\/a><br \/>\nEl passat 20 d&#8217;abril, els i les alumnes de 5\u00e8 i 6\u00e8 vam anar d&#8217;excursi\u00f3 al Monestir de Poblet i a Montblanc. Va ser un dia molt profit\u00f3s i interessant, vam poder fer una veritable immersi\u00f3 a l&#8217;Edat Mitjana. A m\u00e9s, va coincidir amb&hellip;  <a href=\"https:\/\/agora.xtec.cat\/escolacampclar\/general\/sortida-poblet-montblanc\/\" title=\"Read SORTIDA POBLET MONTBLANC\">Llegeix m\u00e9s\u00bb<\/a><\/p>\n","protected":false},"author":14,"featured_media":3834,"comment_status":"open","ping_status":"closed","sticky":false,"template":"","format":"standard","meta":{"_bbp_topic_count":0,"_bbp_reply_count":0,"_bbp_total_topic_count":0,"_bbp_total_reply_count":0,"_bbp_voice_count":0,"_bbp_anonymous_reply_count":0,"_bbp_topic_count_hidden":0,"_bbp_reply_count_hidden":0,"_bbp_forum_subforum_count":0,"footnotes":""},"categories":[26,1],"tags":[63,44],"class_list":["post-3833","post","type-post","status-publish","format-standard","has-post-thumbnail","hentry","category-cicle-superior","category-general","tag-cicle-superior","tag-escola-campclar"],"post_mailing_queue_ids":[],"_links":{"self":[{"href":"https:\/\/agora.xtec.cat\/escolacampclar\/wp-json\/wp\/v2\/posts\/3833","targetHints":{"allow":["GET"]}}],"collection":[{"href":"https:\/\/agora.xtec.cat\/escolacampclar\/wp-json\/wp\/v2\/posts"}],"about":[{"href":"https:\/\/agora.xtec.cat\/escolacampclar\/wp-json\/wp\/v2\/types\/post"}],"author":[{"embeddable":true,"href":"https:\/\/agora.xtec.cat\/escolacampclar\/wp-json\/wp\/v2\/users\/14"}],"replies":[{"embeddable":true,"href":"https:\/\/agora.xtec.cat\/escolacampclar\/wp-json\/wp\/v2\/comments?post=3833"}],"version-history":[{"count":1,"href":"https:\/\/agora.xtec.cat\/escolacampclar\/wp-json\/wp\/v2\/posts\/3833\/revisions"}],"predecessor-version":[{"id":3835,"href":"https:\/\/agora.xtec.cat\/escolacampclar\/wp-json\/wp\/v2\/posts\/3833\/revisions\/3835"}],"wp:featuredmedia":[{"embeddable":true,"href":"https:\/\/agora.xtec.cat\/escolacampclar\/wp-json\/wp\/v2\/media\/3834"}],"wp:attachment":[{"href":"https:\/\/agora.xtec.cat\/escolacampclar\/wp-json\/wp\/v2\/media?parent=3833"}],"wp:term":[{"taxonomy":"category","embeddable":true,"href":"https:\/\/agora.xtec.cat\/escolacampclar\/wp-json\/wp\/v2\/categories?post=3833"},{"taxonomy":"post_tag","embeddable":true,"href":"https:\/\/agora.xtec.cat\/escolacampclar\/wp-json\/wp\/v2\/tags?post=3833"}],"curies":[{"name":"wp","href":"https:\/\/api.w.org\/{rel}","templated":true}]}}