{"id":3828,"date":"2023-04-24T20:22:07","date_gmt":"2023-04-24T18:22:07","guid":{"rendered":"https:\/\/agora.xtec.cat\/escolacampclar\/?p=3828"},"modified":"2023-05-11T22:30:30","modified_gmt":"2023-05-11T20:30:30","slug":"el-drac-del-nostre-poble-4","status":"publish","type":"post","link":"https:\/\/agora.xtec.cat\/escolacampclar\/general\/el-drac-del-nostre-poble-4\/","title":{"rendered":"El drac del nostre poble"},"content":{"rendered":"<p><a href=\"https:\/\/agora.xtec.cat\/escolacampclar\/wp-content\/uploads\/usu687\/2023\/04\/EL-DRAC-DEL-NOSTRE-POBLE.jpg\"><img loading=\"lazy\" decoding=\"async\" class=\" wp-image-3830 aligncenter\" src=\"https:\/\/agora.xtec.cat\/escolacampclar\/wp-content\/uploads\/usu687\/2023\/04\/EL-DRAC-DEL-NOSTRE-POBLE-683x1024.jpg\" alt=\"\" width=\"354\" height=\"531\" srcset=\"https:\/\/agora.xtec.cat\/escolacampclar\/wp-content\/uploads\/usu687\/2023\/04\/EL-DRAC-DEL-NOSTRE-POBLE-683x1024.jpg 683w, https:\/\/agora.xtec.cat\/escolacampclar\/wp-content\/uploads\/usu687\/2023\/04\/EL-DRAC-DEL-NOSTRE-POBLE-200x300.jpg 200w, https:\/\/agora.xtec.cat\/escolacampclar\/wp-content\/uploads\/usu687\/2023\/04\/EL-DRAC-DEL-NOSTRE-POBLE-768x1152.jpg 768w, https:\/\/agora.xtec.cat\/escolacampclar\/wp-content\/uploads\/usu687\/2023\/04\/EL-DRAC-DEL-NOSTRE-POBLE.jpg 800w\" sizes=\"auto, (max-width: 354px) 100vw, 354px\" \/><\/a><\/p>\n<p>Els nois i les noies d&#8217;aula d&#8217;acollida han representat l&#8217;obra de teatre: &#8220;El drac del nostre poble&#8221; per tots els alumnes de l&#8217;escola. Una versi\u00f3 del cl\u00e0ssic Sant Jordi que ja \u00e9s una tradici\u00f3.<br \/>\nEl Said ha fet de narrador.<br \/>\nLa Lya ha fet de princesa.<br \/>\nL&#8217;Imran ha fet de rei.<br \/>\nEl Mohand i el Mohamed han fet de gent del poble.<br \/>\nEl Youssef, el Drissa i el Saliou han fet de guerrers.<br \/>\nLa Sara ha fet de soldat.<br \/>\nl&#8217;Andr\u00e9s ha fet de drac.<br \/>\nI el Rayan ha fet de Cavaller Jordi.<br \/>\nTots s&#8217;han esfor\u00e7at molt i ho han fet genial!!!<br \/>\nVisca\u00a0Sant\u00a0Jordi!!!<\/p>\n<p><a href=\"https:\/\/drive.google.com\/drive\/folders\/109LOKWgtU0gda1_ebKrpXXZRzM1vB3Xo?usp=share_link\">A continuaci\u00f3 podeu veure un recull de fotografies<\/a><\/p>\n","protected":false},"excerpt":{"rendered":"<p><a href=\"https:\/\/agora.xtec.cat\/escolacampclar\/wp-content\/uploads\/usu687\/2023\/04\/EL-DRAC-DEL-NOSTRE-POBLE.jpg\"><\/a><br \/>\nEls nois i les noies d&#8217;aula d&#8217;acollida han representat l&#8217;obra de teatre: &#8220;El drac del nostre poble&#8221; per tots els alumnes de l&#8217;escola. Una versi\u00f3 del cl\u00e0ssic Sant Jordi que ja \u00e9s una tradici\u00f3.<br \/>\nEl Said ha fet de narrador.<br \/>\nLa Lya ha fet de princesa.<br \/>\nL&#8217;Imran&hellip;  <a href=\"https:\/\/agora.xtec.cat\/escolacampclar\/general\/el-drac-del-nostre-poble-4\/\" title=\"Read El drac del nostre poble\">Llegeix m\u00e9s\u00bb<\/a><\/p>\n","protected":false},"author":14,"featured_media":3830,"comment_status":"open","ping_status":"closed","sticky":false,"template":"","format":"standard","meta":{"_bbp_topic_count":0,"_bbp_reply_count":0,"_bbp_total_topic_count":0,"_bbp_total_reply_count":0,"_bbp_voice_count":0,"_bbp_anonymous_reply_count":0,"_bbp_topic_count_hidden":0,"_bbp_reply_count_hidden":0,"_bbp_forum_subforum_count":0,"footnotes":""},"categories":[407,1],"tags":[406,44],"class_list":["post-3828","post","type-post","status-publish","format-standard","has-post-thumbnail","hentry","category-aula-acollida","category-general","tag-aula-acollida","tag-escola-campclar"],"post_mailing_queue_ids":[],"_links":{"self":[{"href":"https:\/\/agora.xtec.cat\/escolacampclar\/wp-json\/wp\/v2\/posts\/3828","targetHints":{"allow":["GET"]}}],"collection":[{"href":"https:\/\/agora.xtec.cat\/escolacampclar\/wp-json\/wp\/v2\/posts"}],"about":[{"href":"https:\/\/agora.xtec.cat\/escolacampclar\/wp-json\/wp\/v2\/types\/post"}],"author":[{"embeddable":true,"href":"https:\/\/agora.xtec.cat\/escolacampclar\/wp-json\/wp\/v2\/users\/14"}],"replies":[{"embeddable":true,"href":"https:\/\/agora.xtec.cat\/escolacampclar\/wp-json\/wp\/v2\/comments?post=3828"}],"version-history":[{"count":3,"href":"https:\/\/agora.xtec.cat\/escolacampclar\/wp-json\/wp\/v2\/posts\/3828\/revisions"}],"predecessor-version":[{"id":3832,"href":"https:\/\/agora.xtec.cat\/escolacampclar\/wp-json\/wp\/v2\/posts\/3828\/revisions\/3832"}],"wp:featuredmedia":[{"embeddable":true,"href":"https:\/\/agora.xtec.cat\/escolacampclar\/wp-json\/wp\/v2\/media\/3830"}],"wp:attachment":[{"href":"https:\/\/agora.xtec.cat\/escolacampclar\/wp-json\/wp\/v2\/media?parent=3828"}],"wp:term":[{"taxonomy":"category","embeddable":true,"href":"https:\/\/agora.xtec.cat\/escolacampclar\/wp-json\/wp\/v2\/categories?post=3828"},{"taxonomy":"post_tag","embeddable":true,"href":"https:\/\/agora.xtec.cat\/escolacampclar\/wp-json\/wp\/v2\/tags?post=3828"}],"curies":[{"name":"wp","href":"https:\/\/api.w.org\/{rel}","templated":true}]}}