{"id":3802,"date":"2023-04-18T17:00:00","date_gmt":"2023-04-18T15:00:00","guid":{"rendered":"https:\/\/agora.xtec.cat\/escolacampclar\/?p=3802"},"modified":"2023-04-18T09:05:25","modified_gmt":"2023-04-18T07:05:25","slug":"gimcana-a-i3","status":"publish","type":"post","link":"https:\/\/agora.xtec.cat\/escolacampclar\/general\/gimcana-a-i3\/","title":{"rendered":"Gincana a I3"},"content":{"rendered":"<p><a href=\"https:\/\/agora.xtec.cat\/escolacampclar\/wp-content\/uploads\/usu687\/2023\/04\/GIMCANA-scaled.jpg\"><img loading=\"lazy\" decoding=\"async\" class=\"alignnone size-large wp-image-3803\" src=\"https:\/\/agora.xtec.cat\/escolacampclar\/wp-content\/uploads\/usu687\/2023\/04\/GIMCANA-1024x512.jpg\" alt=\"\" width=\"1024\" height=\"512\" srcset=\"https:\/\/agora.xtec.cat\/escolacampclar\/wp-content\/uploads\/usu687\/2023\/04\/GIMCANA-1024x512.jpg 1024w, https:\/\/agora.xtec.cat\/escolacampclar\/wp-content\/uploads\/usu687\/2023\/04\/GIMCANA-300x150.jpg 300w, https:\/\/agora.xtec.cat\/escolacampclar\/wp-content\/uploads\/usu687\/2023\/04\/GIMCANA-768x384.jpg 768w, https:\/\/agora.xtec.cat\/escolacampclar\/wp-content\/uploads\/usu687\/2023\/04\/GIMCANA-1536x768.jpg 1536w, https:\/\/agora.xtec.cat\/escolacampclar\/wp-content\/uploads\/usu687\/2023\/04\/GIMCANA-2048x1024.jpg 2048w\" sizes=\"auto, (max-width: 1024px) 100vw, 1024px\" \/><\/a><\/p>\n<p>Avui els nens i les nenes d&#8217;I3 ens ho hem passat molt b\u00e9 amb la visita de les alumnes de l&#8217;Institut Vidal i Barraquer del CFGS d&#8217;Educaci\u00f3 Infantil que han fet les pr\u00e0ctiques del seu M\u00f2dul 4 &#8220;Joc i la seva metodologia&#8221; amb una Gincana.<\/p>\n<p>Per veure el recull de fotos i v\u00eddeos clica\u00a0<a href=\"https:\/\/drive.google.com\/drive\/folders\/17sHinJqWUuWaJP8fxQWvUGEN2-SkWmDK?usp=sharing\">aqu\u00ed<\/a><\/p>\n<p>&nbsp;<\/p>\n","protected":false},"excerpt":{"rendered":"<p><a href=\"https:\/\/agora.xtec.cat\/escolacampclar\/wp-content\/uploads\/usu687\/2023\/04\/GIMCANA-scaled.jpg\"><\/a><br \/>\nAvui els nens i les nenes d&#8217;I3 ens ho hem passat molt b\u00e9 amb la visita de les alumnes de l&#8217;Institut Vidal i Barraquer del CFGS d&#8217;Educaci\u00f3 Infantil que han fet les pr\u00e0ctiques del seu M\u00f2dul 4 &#8220;Joc i la seva metodologia&#8221; amb una&hellip;  <a href=\"https:\/\/agora.xtec.cat\/escolacampclar\/general\/gimcana-a-i3\/\" title=\"Read Gincana a I3\">Llegeix m\u00e9s\u00bb<\/a><\/p>\n","protected":false},"author":28,"featured_media":3803,"comment_status":"open","ping_status":"closed","sticky":false,"template":"","format":"standard","meta":{"_bbp_topic_count":0,"_bbp_reply_count":0,"_bbp_total_topic_count":0,"_bbp_total_reply_count":0,"_bbp_voice_count":0,"_bbp_anonymous_reply_count":0,"_bbp_topic_count_hidden":0,"_bbp_reply_count_hidden":0,"_bbp_forum_subforum_count":0,"footnotes":""},"categories":[59,1],"tags":[],"class_list":["post-3802","post","type-post","status-publish","format-standard","has-post-thumbnail","hentry","category-infantil","category-general"],"post_mailing_queue_ids":[],"_links":{"self":[{"href":"https:\/\/agora.xtec.cat\/escolacampclar\/wp-json\/wp\/v2\/posts\/3802","targetHints":{"allow":["GET"]}}],"collection":[{"href":"https:\/\/agora.xtec.cat\/escolacampclar\/wp-json\/wp\/v2\/posts"}],"about":[{"href":"https:\/\/agora.xtec.cat\/escolacampclar\/wp-json\/wp\/v2\/types\/post"}],"author":[{"embeddable":true,"href":"https:\/\/agora.xtec.cat\/escolacampclar\/wp-json\/wp\/v2\/users\/28"}],"replies":[{"embeddable":true,"href":"https:\/\/agora.xtec.cat\/escolacampclar\/wp-json\/wp\/v2\/comments?post=3802"}],"version-history":[{"count":3,"href":"https:\/\/agora.xtec.cat\/escolacampclar\/wp-json\/wp\/v2\/posts\/3802\/revisions"}],"predecessor-version":[{"id":3806,"href":"https:\/\/agora.xtec.cat\/escolacampclar\/wp-json\/wp\/v2\/posts\/3802\/revisions\/3806"}],"wp:featuredmedia":[{"embeddable":true,"href":"https:\/\/agora.xtec.cat\/escolacampclar\/wp-json\/wp\/v2\/media\/3803"}],"wp:attachment":[{"href":"https:\/\/agora.xtec.cat\/escolacampclar\/wp-json\/wp\/v2\/media?parent=3802"}],"wp:term":[{"taxonomy":"category","embeddable":true,"href":"https:\/\/agora.xtec.cat\/escolacampclar\/wp-json\/wp\/v2\/categories?post=3802"},{"taxonomy":"post_tag","embeddable":true,"href":"https:\/\/agora.xtec.cat\/escolacampclar\/wp-json\/wp\/v2\/tags?post=3802"}],"curies":[{"name":"wp","href":"https:\/\/api.w.org\/{rel}","templated":true}]}}