{"id":3793,"date":"2023-03-09T11:36:28","date_gmt":"2023-03-09T10:36:28","guid":{"rendered":"https:\/\/agora.xtec.cat\/escolacampclar\/?p=3793"},"modified":"2023-03-09T11:36:28","modified_gmt":"2023-03-09T10:36:28","slug":"histories-inventades","status":"publish","type":"post","link":"https:\/\/agora.xtec.cat\/escolacampclar\/general\/histories-inventades\/","title":{"rendered":"Hist\u00f2ries InventAdes"},"content":{"rendered":"<p>Aquesta setmana al taller d&#8217;expressi\u00f3 oral amb tauletes hem creat hist\u00f2ries a partir d&#8217;uns relats fets amb el chat GPT i la intel\u00b7lig\u00e8ncia artificial. A continuaci\u00f3 teniu un enlla\u00e7 amb els \u00e0udios dels alumnes!<\/p>\n<p><a href=\"https:\/\/drive.google.com\/drive\/folders\/1Ohqjvg7BstRIwrYenwN38RSPTPRAqytE?usp=share_link\">Clica aqu\u00ed per accedir als \u00e0udios.<\/a><\/p>\n","protected":false},"excerpt":{"rendered":"<p>Aquesta setmana al taller d&#8217;expressi\u00f3 oral amb tauletes hem creat hist\u00f2ries a partir d&#8217;uns relats fets amb el chat GPT i la intel\u00b7lig\u00e8ncia artificial. A continuaci\u00f3 teniu un enlla\u00e7 amb els \u00e0udios dels alumnes!<br \/>\n<a href=\"https:\/\/drive.google.com\/drive\/folders\/1Ohqjvg7BstRIwrYenwN38RSPTPRAqytE?usp=share_link\">Clica aqu\u00ed per accedir als \u00e0udios.<\/a><\/p>\n","protected":false},"author":14,"featured_media":3794,"comment_status":"open","ping_status":"closed","sticky":false,"template":"","format":"standard","meta":{"_bbp_topic_count":0,"_bbp_reply_count":0,"_bbp_total_topic_count":0,"_bbp_total_reply_count":0,"_bbp_voice_count":0,"_bbp_anonymous_reply_count":0,"_bbp_topic_count_hidden":0,"_bbp_reply_count_hidden":0,"_bbp_forum_subforum_count":0,"footnotes":""},"categories":[26,1,238],"tags":[],"class_list":["post-3793","post","type-post","status-publish","format-standard","has-post-thumbnail","hentry","category-cicle-superior","category-general","category-tallers"],"post_mailing_queue_ids":[],"_links":{"self":[{"href":"https:\/\/agora.xtec.cat\/escolacampclar\/wp-json\/wp\/v2\/posts\/3793","targetHints":{"allow":["GET"]}}],"collection":[{"href":"https:\/\/agora.xtec.cat\/escolacampclar\/wp-json\/wp\/v2\/posts"}],"about":[{"href":"https:\/\/agora.xtec.cat\/escolacampclar\/wp-json\/wp\/v2\/types\/post"}],"author":[{"embeddable":true,"href":"https:\/\/agora.xtec.cat\/escolacampclar\/wp-json\/wp\/v2\/users\/14"}],"replies":[{"embeddable":true,"href":"https:\/\/agora.xtec.cat\/escolacampclar\/wp-json\/wp\/v2\/comments?post=3793"}],"version-history":[{"count":1,"href":"https:\/\/agora.xtec.cat\/escolacampclar\/wp-json\/wp\/v2\/posts\/3793\/revisions"}],"predecessor-version":[{"id":3795,"href":"https:\/\/agora.xtec.cat\/escolacampclar\/wp-json\/wp\/v2\/posts\/3793\/revisions\/3795"}],"wp:featuredmedia":[{"embeddable":true,"href":"https:\/\/agora.xtec.cat\/escolacampclar\/wp-json\/wp\/v2\/media\/3794"}],"wp:attachment":[{"href":"https:\/\/agora.xtec.cat\/escolacampclar\/wp-json\/wp\/v2\/media?parent=3793"}],"wp:term":[{"taxonomy":"category","embeddable":true,"href":"https:\/\/agora.xtec.cat\/escolacampclar\/wp-json\/wp\/v2\/categories?post=3793"},{"taxonomy":"post_tag","embeddable":true,"href":"https:\/\/agora.xtec.cat\/escolacampclar\/wp-json\/wp\/v2\/tags?post=3793"}],"curies":[{"name":"wp","href":"https:\/\/api.w.org\/{rel}","templated":true}]}}