{"id":3741,"date":"2023-02-08T12:19:14","date_gmt":"2023-02-08T11:19:14","guid":{"rendered":"https:\/\/agora.xtec.cat\/escolacampclar\/?p=3741"},"modified":"2023-02-08T12:19:14","modified_gmt":"2023-02-08T11:19:14","slug":"taller-de-la-guardia-urbana","status":"publish","type":"post","link":"https:\/\/agora.xtec.cat\/escolacampclar\/general\/taller-de-la-guardia-urbana\/","title":{"rendered":"Taller de la Gu\u00e0rdia Urbana"},"content":{"rendered":"<p>Aquesta setmana realitzarem un taller de seguretat vial, per la gu\u00e0rdia urbana de Tarragona. Hem fet una entrevista a la Neus per saber-ne m\u00e9s coses.<\/p>\n<p><a href=\"https:\/\/drive.google.com\/file\/d\/1SEWJ4XiZOQxR6TQOv0FAlM2hSzydslWh\/view?usp=share_link\">Clica aqu\u00ed per veure el video.<\/a><\/p>\n<p>&nbsp;<\/p>\n","protected":false},"excerpt":{"rendered":"<p>Aquesta setmana realitzarem un taller de seguretat vial, per la gu\u00e0rdia urbana de Tarragona. Hem fet una entrevista a la Neus per saber-ne m\u00e9s coses.<br \/>\n<a href=\"https:\/\/drive.google.com\/file\/d\/1SEWJ4XiZOQxR6TQOv0FAlM2hSzydslWh\/view?usp=share_link\">Clica aqu\u00ed per veure el video.<\/a><br \/>\n&nbsp;<\/p>\n","protected":false},"author":14,"featured_media":0,"comment_status":"open","ping_status":"closed","sticky":false,"template":"","format":"standard","meta":{"_bbp_topic_count":0,"_bbp_reply_count":0,"_bbp_total_topic_count":0,"_bbp_total_reply_count":0,"_bbp_voice_count":0,"_bbp_anonymous_reply_count":0,"_bbp_topic_count_hidden":0,"_bbp_reply_count_hidden":0,"_bbp_forum_subforum_count":0,"footnotes":""},"categories":[1],"tags":[197,181],"class_list":["post-3741","post","type-post","status-publish","format-standard","hentry","category-general","tag-guardia-urbana","tag-taller"],"post_mailing_queue_ids":[],"_links":{"self":[{"href":"https:\/\/agora.xtec.cat\/escolacampclar\/wp-json\/wp\/v2\/posts\/3741","targetHints":{"allow":["GET"]}}],"collection":[{"href":"https:\/\/agora.xtec.cat\/escolacampclar\/wp-json\/wp\/v2\/posts"}],"about":[{"href":"https:\/\/agora.xtec.cat\/escolacampclar\/wp-json\/wp\/v2\/types\/post"}],"author":[{"embeddable":true,"href":"https:\/\/agora.xtec.cat\/escolacampclar\/wp-json\/wp\/v2\/users\/14"}],"replies":[{"embeddable":true,"href":"https:\/\/agora.xtec.cat\/escolacampclar\/wp-json\/wp\/v2\/comments?post=3741"}],"version-history":[{"count":1,"href":"https:\/\/agora.xtec.cat\/escolacampclar\/wp-json\/wp\/v2\/posts\/3741\/revisions"}],"predecessor-version":[{"id":3742,"href":"https:\/\/agora.xtec.cat\/escolacampclar\/wp-json\/wp\/v2\/posts\/3741\/revisions\/3742"}],"wp:attachment":[{"href":"https:\/\/agora.xtec.cat\/escolacampclar\/wp-json\/wp\/v2\/media?parent=3741"}],"wp:term":[{"taxonomy":"category","embeddable":true,"href":"https:\/\/agora.xtec.cat\/escolacampclar\/wp-json\/wp\/v2\/categories?post=3741"},{"taxonomy":"post_tag","embeddable":true,"href":"https:\/\/agora.xtec.cat\/escolacampclar\/wp-json\/wp\/v2\/tags?post=3741"}],"curies":[{"name":"wp","href":"https:\/\/api.w.org\/{rel}","templated":true}]}}