{"id":3731,"date":"2023-01-31T11:34:12","date_gmt":"2023-01-31T10:34:12","guid":{"rendered":"https:\/\/agora.xtec.cat\/escolacampclar\/?p=3731"},"modified":"2023-01-31T11:34:12","modified_gmt":"2023-01-31T10:34:12","slug":"dia-escolar-de-la-no-violencia-i-la-pau-2","status":"publish","type":"post","link":"https:\/\/agora.xtec.cat\/escolacampclar\/general\/dia-escolar-de-la-no-violencia-i-la-pau-2\/","title":{"rendered":"DIA ESCOLAR DE LA NO VIOL\u00c8NCIA I LA PAU"},"content":{"rendered":"<p style=\"font-family: 'Helvetica Neue', Helvetica, Helvetica, Arial, sans-serif; font-size: 16px;\"><img loading=\"lazy\" decoding=\"async\" class=\"size-large wp-image-3732 aligncenter\" style=\"border: none; color: #2795b6;\" src=\"https:\/\/agora.xtec.cat\/escolacampclar\/wp-content\/uploads\/usu687\/2023\/01\/El-text-del-paragraf-1024x819.jpg\" alt=\"\" width=\"1024\" height=\"819\" srcset=\"https:\/\/agora.xtec.cat\/escolacampclar\/wp-content\/uploads\/usu687\/2023\/01\/El-text-del-paragraf-1024x819.jpg 1024w, https:\/\/agora.xtec.cat\/escolacampclar\/wp-content\/uploads\/usu687\/2023\/01\/El-text-del-paragraf-300x240.jpg 300w, https:\/\/agora.xtec.cat\/escolacampclar\/wp-content\/uploads\/usu687\/2023\/01\/El-text-del-paragraf-768x614.jpg 768w, https:\/\/agora.xtec.cat\/escolacampclar\/wp-content\/uploads\/usu687\/2023\/01\/El-text-del-paragraf-1536x1229.jpg 1536w, https:\/\/agora.xtec.cat\/escolacampclar\/wp-content\/uploads\/usu687\/2023\/01\/El-text-del-paragraf.jpg 2000w\" sizes=\"auto, (max-width: 1024px) 100vw, 1024px\" \/><\/p>\n<p>Com cada any, a la nostra escola hem realitzat diferents activitats per celebrar el Dia Escolar de la No Viol\u00e8ncia i la Pau (DENIP). El tema central d&#8217;aquest any s\u00f3n les bones not\u00edcies i la bona gent, aix\u00ed que la Comunitat dels Petits i la Comunitat dels Mitjans han decidit crear diferents imatges (coloms, flors, cors, n\u00favols&#8230;) amb les bones paraules que coneix el nostre alumnat. La Comunitat dels Grans tamb\u00e9 ha creat diferents cartells on cada infant ha seleccionat una bona persona del seu entorn. Totes aquestes produccions estan penjades a l&#8217;arbre del hall de l&#8217;escola perqu\u00e8 tothom ho pugui veure.<\/p>\n<p>Tamb\u00e9 hem volgut aprofitar aquesta data per posar en funcionament la b\u00fastia de la conviv\u00e8ncia. Aquesta b\u00fastia ens ajudar\u00e0 a detectar possibles conflictes al centre i a millorar les relacions entre tot l&#8217;alumnat.<br \/>\nI, com no, tampoc podia faltar la lectura del manifest de la Pau per part de l&#8217;alumnat de 6\u00e8. Ha sigut molt emocionant!!! Ens hem reunit tots i totes al pati i hem aprofitat per ballar i cantar can\u00e7ons relacionades amb la pau.<\/p>\n<p><a href=\"https:\/\/drive.google.com\/drive\/folders\/1-s5j5PY6gLQu83pVHYOuJoaozq5dgTFv?usp=sharing\">Aqu\u00ed<\/a> teniu un recull de fotografies i v\u00eddeos.<\/p>\n<p>&nbsp;<\/p>\n<div class=\"yj6qo\"><\/div>\n","protected":false},"excerpt":{"rendered":"<p>Com cada any, a la nostra escola hem realitzat diferents activitats per celebrar el Dia Escolar de la No Viol\u00e8ncia i la Pau (DENIP). El tema central d&#8217;aquest any s\u00f3n les bones not\u00edcies i la bona gent, aix\u00ed que la Comunitat dels Petits i la&hellip;  <a href=\"https:\/\/agora.xtec.cat\/escolacampclar\/general\/dia-escolar-de-la-no-violencia-i-la-pau-2\/\" title=\"Read DIA ESCOLAR DE LA NO VIOL\u00c8NCIA I LA PAU\">Llegeix m\u00e9s\u00bb<\/a><\/p>\n","protected":false},"author":29,"featured_media":3732,"comment_status":"open","ping_status":"closed","sticky":false,"template":"","format":"standard","meta":{"_bbp_topic_count":0,"_bbp_reply_count":0,"_bbp_total_topic_count":0,"_bbp_total_reply_count":0,"_bbp_voice_count":0,"_bbp_anonymous_reply_count":0,"_bbp_topic_count_hidden":0,"_bbp_reply_count_hidden":0,"_bbp_forum_subforum_count":0,"footnotes":""},"categories":[24,25,26,344,29,1],"tags":[36,37,63,158,44],"class_list":["post-3731","post","type-post","status-publish","format-standard","has-post-thumbnail","hentry","category-cicle-inicial","category-cicle-mitja","category-cicle-superior","category-escola-campclar","category-festes","category-general","tag-cicle-inicial","tag-cicle-mitja-2","tag-cicle-superior","tag-dia-de-la-pau","tag-escola-campclar"],"post_mailing_queue_ids":[],"_links":{"self":[{"href":"https:\/\/agora.xtec.cat\/escolacampclar\/wp-json\/wp\/v2\/posts\/3731","targetHints":{"allow":["GET"]}}],"collection":[{"href":"https:\/\/agora.xtec.cat\/escolacampclar\/wp-json\/wp\/v2\/posts"}],"about":[{"href":"https:\/\/agora.xtec.cat\/escolacampclar\/wp-json\/wp\/v2\/types\/post"}],"author":[{"embeddable":true,"href":"https:\/\/agora.xtec.cat\/escolacampclar\/wp-json\/wp\/v2\/users\/29"}],"replies":[{"embeddable":true,"href":"https:\/\/agora.xtec.cat\/escolacampclar\/wp-json\/wp\/v2\/comments?post=3731"}],"version-history":[{"count":2,"href":"https:\/\/agora.xtec.cat\/escolacampclar\/wp-json\/wp\/v2\/posts\/3731\/revisions"}],"predecessor-version":[{"id":3734,"href":"https:\/\/agora.xtec.cat\/escolacampclar\/wp-json\/wp\/v2\/posts\/3731\/revisions\/3734"}],"wp:featuredmedia":[{"embeddable":true,"href":"https:\/\/agora.xtec.cat\/escolacampclar\/wp-json\/wp\/v2\/media\/3732"}],"wp:attachment":[{"href":"https:\/\/agora.xtec.cat\/escolacampclar\/wp-json\/wp\/v2\/media?parent=3731"}],"wp:term":[{"taxonomy":"category","embeddable":true,"href":"https:\/\/agora.xtec.cat\/escolacampclar\/wp-json\/wp\/v2\/categories?post=3731"},{"taxonomy":"post_tag","embeddable":true,"href":"https:\/\/agora.xtec.cat\/escolacampclar\/wp-json\/wp\/v2\/tags?post=3731"}],"curies":[{"name":"wp","href":"https:\/\/api.w.org\/{rel}","templated":true}]}}