{"id":3724,"date":"2023-01-20T11:46:36","date_gmt":"2023-01-20T10:46:36","guid":{"rendered":"https:\/\/agora.xtec.cat\/escolacampclar\/?p=3724"},"modified":"2023-01-20T11:46:36","modified_gmt":"2023-01-20T10:46:36","slug":"no-malbaratament-dels-aliments","status":"publish","type":"post","link":"https:\/\/agora.xtec.cat\/escolacampclar\/general\/no-malbaratament-dels-aliments\/","title":{"rendered":"NO MALBARATAMENT DELS ALIMENTS"},"content":{"rendered":"<p><a href=\"https:\/\/agora.xtec.cat\/escolacampclar\/wp-content\/uploads\/usu687\/2023\/01\/no-malbaratem-els-aliments.jpg\"><br \/>\n<img loading=\"lazy\" decoding=\"async\" class=\" wp-image-3725 aligncenter\" src=\"https:\/\/agora.xtec.cat\/escolacampclar\/wp-content\/uploads\/usu687\/2023\/01\/no-malbaratem-els-aliments-1024x819.jpg\" alt=\"\" width=\"508\" height=\"406\" srcset=\"https:\/\/agora.xtec.cat\/escolacampclar\/wp-content\/uploads\/usu687\/2023\/01\/no-malbaratem-els-aliments-1024x819.jpg 1024w, https:\/\/agora.xtec.cat\/escolacampclar\/wp-content\/uploads\/usu687\/2023\/01\/no-malbaratem-els-aliments-300x240.jpg 300w, https:\/\/agora.xtec.cat\/escolacampclar\/wp-content\/uploads\/usu687\/2023\/01\/no-malbaratem-els-aliments-768x614.jpg 768w, https:\/\/agora.xtec.cat\/escolacampclar\/wp-content\/uploads\/usu687\/2023\/01\/no-malbaratem-els-aliments-1536x1229.jpg 1536w, https:\/\/agora.xtec.cat\/escolacampclar\/wp-content\/uploads\/usu687\/2023\/01\/no-malbaratem-els-aliments.jpg 2000w\" sizes=\"auto, (max-width: 508px) 100vw, 508px\" \/><\/a><\/p>\n<p>L&#8217;alumnat de 4t ha fet un taller de no malbaratament dels aliments.<\/p>\n<p>L&#8217;Aina ens ha ensenyat com ho podem fer, ens ha ensenyat moltes coses, com ara: la fruita, si est\u00e0 molt madura podem fer batuts, pures&#8230; a on hem de deixar el menjar, per exemple la llet&#8230; i aix\u00ed amb molts productes m\u00e9s.<\/p>\n<p>Ens ho hem passat molt b\u00e9 i hem apr\u00e8s moltes coses.<\/p>\n<p>A continuaci\u00f3 podeu veure un <a href=\"https:\/\/drive.google.com\/drive\/folders\/1-pxkVe1t-xCZouT_Fq9pn7xZ1PBSvxAg?usp=share_link\">recull de fotografies<\/a>.<\/p>\n","protected":false},"excerpt":{"rendered":"<p><a href=\"https:\/\/agora.xtec.cat\/escolacampclar\/wp-content\/uploads\/usu687\/2023\/01\/no-malbaratem-els-aliments.jpg\"><br \/>\n<\/a><br \/>\nL&#8217;alumnat de 4t ha fet un taller de no malbaratament dels aliments.<br \/>\nL&#8217;Aina ens ha ensenyat com ho podem fer, ens ha ensenyat moltes coses, com ara: la fruita, si est\u00e0 molt madura podem fer batuts, pures&#8230; a on hem de deixar el menjar, per&hellip;  <a href=\"https:\/\/agora.xtec.cat\/escolacampclar\/general\/no-malbaratament-dels-aliments\/\" title=\"Read NO MALBARATAMENT DELS ALIMENTS\">Llegeix m\u00e9s\u00bb<\/a><\/p>\n","protected":false},"author":14,"featured_media":3725,"comment_status":"open","ping_status":"closed","sticky":false,"template":"","format":"standard","meta":{"_bbp_topic_count":0,"_bbp_reply_count":0,"_bbp_total_topic_count":0,"_bbp_total_reply_count":0,"_bbp_voice_count":0,"_bbp_anonymous_reply_count":0,"_bbp_topic_count_hidden":0,"_bbp_reply_count_hidden":0,"_bbp_forum_subforum_count":0,"footnotes":""},"categories":[1],"tags":[],"class_list":["post-3724","post","type-post","status-publish","format-standard","has-post-thumbnail","hentry","category-general"],"post_mailing_queue_ids":[],"_links":{"self":[{"href":"https:\/\/agora.xtec.cat\/escolacampclar\/wp-json\/wp\/v2\/posts\/3724","targetHints":{"allow":["GET"]}}],"collection":[{"href":"https:\/\/agora.xtec.cat\/escolacampclar\/wp-json\/wp\/v2\/posts"}],"about":[{"href":"https:\/\/agora.xtec.cat\/escolacampclar\/wp-json\/wp\/v2\/types\/post"}],"author":[{"embeddable":true,"href":"https:\/\/agora.xtec.cat\/escolacampclar\/wp-json\/wp\/v2\/users\/14"}],"replies":[{"embeddable":true,"href":"https:\/\/agora.xtec.cat\/escolacampclar\/wp-json\/wp\/v2\/comments?post=3724"}],"version-history":[{"count":1,"href":"https:\/\/agora.xtec.cat\/escolacampclar\/wp-json\/wp\/v2\/posts\/3724\/revisions"}],"predecessor-version":[{"id":3726,"href":"https:\/\/agora.xtec.cat\/escolacampclar\/wp-json\/wp\/v2\/posts\/3724\/revisions\/3726"}],"wp:featuredmedia":[{"embeddable":true,"href":"https:\/\/agora.xtec.cat\/escolacampclar\/wp-json\/wp\/v2\/media\/3725"}],"wp:attachment":[{"href":"https:\/\/agora.xtec.cat\/escolacampclar\/wp-json\/wp\/v2\/media?parent=3724"}],"wp:term":[{"taxonomy":"category","embeddable":true,"href":"https:\/\/agora.xtec.cat\/escolacampclar\/wp-json\/wp\/v2\/categories?post=3724"},{"taxonomy":"post_tag","embeddable":true,"href":"https:\/\/agora.xtec.cat\/escolacampclar\/wp-json\/wp\/v2\/tags?post=3724"}],"curies":[{"name":"wp","href":"https:\/\/api.w.org\/{rel}","templated":true}]}}