{"id":3708,"date":"2022-12-16T12:13:34","date_gmt":"2022-12-16T11:13:34","guid":{"rendered":"https:\/\/agora.xtec.cat\/escolacampclar\/?p=3708"},"modified":"2022-12-16T17:25:05","modified_gmt":"2022-12-16T16:25:05","slug":"festival-de-nadal-5","status":"publish","type":"post","link":"https:\/\/agora.xtec.cat\/escolacampclar\/general\/festival-de-nadal-5\/","title":{"rendered":"FESTIVAL DE NADAL!"},"content":{"rendered":"<p style=\"text-align: right;\">\n<p><a href=\"https:\/\/agora.xtec.cat\/escolacampclar\/wp-content\/uploads\/usu687\/2022\/12\/FESTIVAL-DE-NADAL.jpg\"><img loading=\"lazy\" decoding=\"async\" class=\" wp-image-3709 aligncenter\" src=\"https:\/\/agora.xtec.cat\/escolacampclar\/wp-content\/uploads\/usu687\/2022\/12\/FESTIVAL-DE-NADAL-1024x768.jpg\" alt=\"\" width=\"643\" height=\"483\" srcset=\"https:\/\/agora.xtec.cat\/escolacampclar\/wp-content\/uploads\/usu687\/2022\/12\/FESTIVAL-DE-NADAL-1024x768.jpg 1024w, https:\/\/agora.xtec.cat\/escolacampclar\/wp-content\/uploads\/usu687\/2022\/12\/FESTIVAL-DE-NADAL-300x225.jpg 300w, https:\/\/agora.xtec.cat\/escolacampclar\/wp-content\/uploads\/usu687\/2022\/12\/FESTIVAL-DE-NADAL-768x576.jpg 768w, https:\/\/agora.xtec.cat\/escolacampclar\/wp-content\/uploads\/usu687\/2022\/12\/FESTIVAL-DE-NADAL-1536x1152.jpg 1536w, https:\/\/agora.xtec.cat\/escolacampclar\/wp-content\/uploads\/usu687\/2022\/12\/FESTIVAL-DE-NADAL-2048x1536.jpg 2048w, https:\/\/agora.xtec.cat\/escolacampclar\/wp-content\/uploads\/usu687\/2022\/12\/FESTIVAL-DE-NADAL-200x150.jpg 200w\" sizes=\"auto, (max-width: 643px) 100vw, 643px\" \/><\/a><\/p>\n<p>Per acabar el trimestre tota l&#8217;escola ha preparat un festival de Nadal i tot gr\u00e0cies a la professora Isabel.<\/p>\n<p>El dimarts vam anar al Centre C\u00edvic a realitzar el festival i el dijous ho van fer a l&#8217;escola amb totes les fam\u00edlies, la participaci\u00f3 va ser tot un \u00e8xit.<\/p>\n<p>Volem donar les gr\u00e0cies a totes les fam\u00edlies que van venir i tamb\u00e9 a la professora Isabel que ha fet una gran feinada.<\/p>\n<p>A continuaci\u00f3 podeu veure un <a href=\"https:\/\/drive.google.com\/drive\/folders\/1-gqOn2KmDAErKRBETfxarngXM_wVGl13?usp=share_link\">recull d&#8217;imatges.<\/a> A m\u00e9s a m\u00e9s, podeu veure el <a href=\"https:\/\/drive.google.com\/file\/d\/1_RVpjATnazhu2_xmkAuDUTYD-aBDNGKg\/view?usp=share_link\">seg\u00fcent v\u00eddeo<\/a> amb totes les actuacions.<\/p>\n<p>&nbsp;<\/p>\n","protected":false},"excerpt":{"rendered":"<p><a href=\"https:\/\/agora.xtec.cat\/escolacampclar\/wp-content\/uploads\/usu687\/2022\/12\/FESTIVAL-DE-NADAL.jpg\"><\/a><br \/>\nPer acabar el trimestre tota l&#8217;escola ha preparat un festival de Nadal i tot gr\u00e0cies a la professora Isabel.<br \/>\nEl dimarts vam anar al Centre C\u00edvic a realitzar el festival i el dijous ho van fer a l&#8217;escola amb totes les fam\u00edlies, la participaci\u00f3 va&hellip;  <a href=\"https:\/\/agora.xtec.cat\/escolacampclar\/general\/festival-de-nadal-5\/\" title=\"Read FESTIVAL DE NADAL!\">Llegeix m\u00e9s\u00bb<\/a><\/p>\n","protected":false},"author":14,"featured_media":3709,"comment_status":"open","ping_status":"closed","sticky":false,"template":"","format":"standard","meta":{"_bbp_topic_count":0,"_bbp_reply_count":0,"_bbp_total_topic_count":0,"_bbp_total_reply_count":0,"_bbp_voice_count":0,"_bbp_anonymous_reply_count":0,"_bbp_topic_count_hidden":0,"_bbp_reply_count_hidden":0,"_bbp_forum_subforum_count":0,"footnotes":""},"categories":[1],"tags":[],"class_list":["post-3708","post","type-post","status-publish","format-standard","has-post-thumbnail","hentry","category-general"],"post_mailing_queue_ids":[],"_links":{"self":[{"href":"https:\/\/agora.xtec.cat\/escolacampclar\/wp-json\/wp\/v2\/posts\/3708","targetHints":{"allow":["GET"]}}],"collection":[{"href":"https:\/\/agora.xtec.cat\/escolacampclar\/wp-json\/wp\/v2\/posts"}],"about":[{"href":"https:\/\/agora.xtec.cat\/escolacampclar\/wp-json\/wp\/v2\/types\/post"}],"author":[{"embeddable":true,"href":"https:\/\/agora.xtec.cat\/escolacampclar\/wp-json\/wp\/v2\/users\/14"}],"replies":[{"embeddable":true,"href":"https:\/\/agora.xtec.cat\/escolacampclar\/wp-json\/wp\/v2\/comments?post=3708"}],"version-history":[{"count":3,"href":"https:\/\/agora.xtec.cat\/escolacampclar\/wp-json\/wp\/v2\/posts\/3708\/revisions"}],"predecessor-version":[{"id":3712,"href":"https:\/\/agora.xtec.cat\/escolacampclar\/wp-json\/wp\/v2\/posts\/3708\/revisions\/3712"}],"wp:featuredmedia":[{"embeddable":true,"href":"https:\/\/agora.xtec.cat\/escolacampclar\/wp-json\/wp\/v2\/media\/3709"}],"wp:attachment":[{"href":"https:\/\/agora.xtec.cat\/escolacampclar\/wp-json\/wp\/v2\/media?parent=3708"}],"wp:term":[{"taxonomy":"category","embeddable":true,"href":"https:\/\/agora.xtec.cat\/escolacampclar\/wp-json\/wp\/v2\/categories?post=3708"},{"taxonomy":"post_tag","embeddable":true,"href":"https:\/\/agora.xtec.cat\/escolacampclar\/wp-json\/wp\/v2\/tags?post=3708"}],"curies":[{"name":"wp","href":"https:\/\/api.w.org\/{rel}","templated":true}]}}