{"id":3699,"date":"2022-12-15T11:26:17","date_gmt":"2022-12-15T10:26:17","guid":{"rendered":"https:\/\/agora.xtec.cat\/escolacampclar\/?p=3699"},"modified":"2022-12-15T11:26:17","modified_gmt":"2022-12-15T10:26:17","slug":"ja-ha-arribat-el-tio","status":"publish","type":"post","link":"https:\/\/agora.xtec.cat\/escolacampclar\/general\/ja-ha-arribat-el-tio\/","title":{"rendered":"Ja ha arribat el Ti\u00f3!"},"content":{"rendered":"<p><a href=\"https:\/\/agora.xtec.cat\/escolacampclar\/wp-content\/uploads\/usu687\/2022\/12\/tio-scaled.jpg\"><img loading=\"lazy\" decoding=\"async\" class=\"alignnone size-large wp-image-3701\" src=\"https:\/\/agora.xtec.cat\/escolacampclar\/wp-content\/uploads\/usu687\/2022\/12\/tio-1024x512.jpg\" alt=\"\" width=\"1024\" height=\"512\" srcset=\"https:\/\/agora.xtec.cat\/escolacampclar\/wp-content\/uploads\/usu687\/2022\/12\/tio-1024x512.jpg 1024w, https:\/\/agora.xtec.cat\/escolacampclar\/wp-content\/uploads\/usu687\/2022\/12\/tio-300x150.jpg 300w, https:\/\/agora.xtec.cat\/escolacampclar\/wp-content\/uploads\/usu687\/2022\/12\/tio-768x384.jpg 768w, https:\/\/agora.xtec.cat\/escolacampclar\/wp-content\/uploads\/usu687\/2022\/12\/tio-1536x768.jpg 1536w, https:\/\/agora.xtec.cat\/escolacampclar\/wp-content\/uploads\/usu687\/2022\/12\/tio-2048x1024.jpg 2048w\" sizes=\"auto, (max-width: 1024px) 100vw, 1024px\" \/><\/a><\/p>\n<p>Aquesta setmana han arribat els tions de cada classe!! Tots l&#8217;alumnat est\u00e0 cuidant molt al seu ti\u00f3, cada dia li porten menjar i el tapen amb una manteta per a qu\u00e8 estigui calentet. Aix\u00ed seguir que cagar\u00e0 coses xul\u00edssimes!<\/p>\n<p><a href=\"https:\/\/drive.google.com\/drive\/folders\/1T0UDD5vzdaHnpor3bed-0FGb7M2_cM8f?usp=share_link\">Clica aqu\u00ed per veure totes les fotos!<\/a><\/p>\n","protected":false},"excerpt":{"rendered":"<p><a href=\"https:\/\/agora.xtec.cat\/escolacampclar\/wp-content\/uploads\/usu687\/2022\/12\/tio-scaled.jpg\"><\/a><br \/>\nAquesta setmana han arribat els tions de cada classe!! Tots l&#8217;alumnat est\u00e0 cuidant molt al seu ti\u00f3, cada dia li porten menjar i el tapen amb una manteta per a qu\u00e8 estigui calentet. Aix\u00ed seguir que cagar\u00e0 coses xul\u00edssimes!<br \/>\n<a href=\"https:\/\/drive.google.com\/drive\/folders\/1T0UDD5vzdaHnpor3bed-0FGb7M2_cM8f?usp=share_link\">Clica aqu\u00ed per veure totes&hellip;  <a href=\"https:\/\/agora.xtec.cat\/escolacampclar\/general\/ja-ha-arribat-el-tio\/\" title=\"Read Ja ha arribat el Ti\u00f3!\">Llegeix m\u00e9s\u00bb<\/a><\/p>\n","protected":false},"author":27,"featured_media":3701,"comment_status":"open","ping_status":"closed","sticky":false,"template":"","format":"standard","meta":{"_bbp_topic_count":0,"_bbp_reply_count":0,"_bbp_total_topic_count":0,"_bbp_total_reply_count":0,"_bbp_voice_count":0,"_bbp_anonymous_reply_count":0,"_bbp_topic_count_hidden":0,"_bbp_reply_count_hidden":0,"_bbp_forum_subforum_count":0,"footnotes":""},"categories":[1],"tags":[],"class_list":["post-3699","post","type-post","status-publish","format-standard","has-post-thumbnail","hentry","category-general"],"post_mailing_queue_ids":[],"_links":{"self":[{"href":"https:\/\/agora.xtec.cat\/escolacampclar\/wp-json\/wp\/v2\/posts\/3699","targetHints":{"allow":["GET"]}}],"collection":[{"href":"https:\/\/agora.xtec.cat\/escolacampclar\/wp-json\/wp\/v2\/posts"}],"about":[{"href":"https:\/\/agora.xtec.cat\/escolacampclar\/wp-json\/wp\/v2\/types\/post"}],"author":[{"embeddable":true,"href":"https:\/\/agora.xtec.cat\/escolacampclar\/wp-json\/wp\/v2\/users\/27"}],"replies":[{"embeddable":true,"href":"https:\/\/agora.xtec.cat\/escolacampclar\/wp-json\/wp\/v2\/comments?post=3699"}],"version-history":[{"count":2,"href":"https:\/\/agora.xtec.cat\/escolacampclar\/wp-json\/wp\/v2\/posts\/3699\/revisions"}],"predecessor-version":[{"id":3702,"href":"https:\/\/agora.xtec.cat\/escolacampclar\/wp-json\/wp\/v2\/posts\/3699\/revisions\/3702"}],"wp:featuredmedia":[{"embeddable":true,"href":"https:\/\/agora.xtec.cat\/escolacampclar\/wp-json\/wp\/v2\/media\/3701"}],"wp:attachment":[{"href":"https:\/\/agora.xtec.cat\/escolacampclar\/wp-json\/wp\/v2\/media?parent=3699"}],"wp:term":[{"taxonomy":"category","embeddable":true,"href":"https:\/\/agora.xtec.cat\/escolacampclar\/wp-json\/wp\/v2\/categories?post=3699"},{"taxonomy":"post_tag","embeddable":true,"href":"https:\/\/agora.xtec.cat\/escolacampclar\/wp-json\/wp\/v2\/tags?post=3699"}],"curies":[{"name":"wp","href":"https:\/\/api.w.org\/{rel}","templated":true}]}}