{"id":3695,"date":"2022-11-25T08:30:58","date_gmt":"2022-11-25T07:30:58","guid":{"rendered":"https:\/\/agora.xtec.cat\/escolacampclar\/?p=3695"},"modified":"2022-11-24T21:27:59","modified_gmt":"2022-11-24T20:27:59","slug":"setmana-de-la-ciencia","status":"publish","type":"post","link":"https:\/\/agora.xtec.cat\/escolacampclar\/general\/setmana-de-la-ciencia\/","title":{"rendered":"SETMANA DE LA CI\u00c8NCIA"},"content":{"rendered":"<p><a href=\"https:\/\/agora.xtec.cat\/escolacampclar\/wp-content\/uploads\/usu687\/2022\/11\/Diseno-sin-titulo-1.jpg\"><img loading=\"lazy\" decoding=\"async\" class=\" wp-image-3696 aligncenter\" src=\"https:\/\/agora.xtec.cat\/escolacampclar\/wp-content\/uploads\/usu687\/2022\/11\/Diseno-sin-titulo-1-1024x819.jpg\" alt=\"\" width=\"670\" height=\"536\" srcset=\"https:\/\/agora.xtec.cat\/escolacampclar\/wp-content\/uploads\/usu687\/2022\/11\/Diseno-sin-titulo-1-1024x819.jpg 1024w, https:\/\/agora.xtec.cat\/escolacampclar\/wp-content\/uploads\/usu687\/2022\/11\/Diseno-sin-titulo-1-300x240.jpg 300w, https:\/\/agora.xtec.cat\/escolacampclar\/wp-content\/uploads\/usu687\/2022\/11\/Diseno-sin-titulo-1-768x614.jpg 768w, https:\/\/agora.xtec.cat\/escolacampclar\/wp-content\/uploads\/usu687\/2022\/11\/Diseno-sin-titulo-1-1536x1229.jpg 1536w, https:\/\/agora.xtec.cat\/escolacampclar\/wp-content\/uploads\/usu687\/2022\/11\/Diseno-sin-titulo-1.jpg 2000w\" sizes=\"auto, (max-width: 670px) 100vw, 670px\" \/><\/a><\/p>\n<p>Del 14 al 18 de novembre hem celebrat la Setmana de la Ci\u00e8ncia a la nostra escola.<\/p>\n<p>Cada comunitat ha realitzat experiments adequats al seu nivell d&#8217;aprenentatge. Tots hem apr\u00e9s moltes coses i ens hem divertit for\u00e7a fent Ci\u00e8ncia.<\/p>\n<p><a href=\"https:\/\/drive.google.com\/file\/d\/1as2ZmNXNHI-8Kk6UnNrujF6dEFx6VwWr\/view?usp=share_link\">Aqu\u00ed en teniu una petita mostra.<\/a><\/p>\n<p>&nbsp;<\/p>\n","protected":false},"excerpt":{"rendered":"<p><a href=\"https:\/\/agora.xtec.cat\/escolacampclar\/wp-content\/uploads\/usu687\/2022\/11\/Diseno-sin-titulo-1.jpg\"><\/a><br \/>\nDel 14 al 18 de novembre hem celebrat la Setmana de la Ci\u00e8ncia a la nostra escola.<br \/>\nCada comunitat ha realitzat experiments adequats al seu nivell d&#8217;aprenentatge. Tots hem apr\u00e9s moltes coses i ens hem divertit for\u00e7a fent Ci\u00e8ncia.<br \/>\n<a href=\"https:\/\/drive.google.com\/file\/d\/1as2ZmNXNHI-8Kk6UnNrujF6dEFx6VwWr\/view?usp=share_link\">Aqu\u00ed en teniu una petita mostra.<\/a><br \/>\n&nbsp;<\/p>\n","protected":false},"author":14,"featured_media":3696,"comment_status":"open","ping_status":"closed","sticky":false,"template":"","format":"standard","meta":{"_bbp_topic_count":0,"_bbp_reply_count":0,"_bbp_total_topic_count":0,"_bbp_total_reply_count":0,"_bbp_voice_count":0,"_bbp_anonymous_reply_count":0,"_bbp_topic_count_hidden":0,"_bbp_reply_count_hidden":0,"_bbp_forum_subforum_count":0,"footnotes":""},"categories":[1,409],"tags":[44,410],"class_list":["post-3695","post","type-post","status-publish","format-standard","has-post-thumbnail","hentry","category-general","category-setmana-de-la-ciencia","tag-escola-campclar","tag-setmana-de-la-ciencia"],"post_mailing_queue_ids":[],"_links":{"self":[{"href":"https:\/\/agora.xtec.cat\/escolacampclar\/wp-json\/wp\/v2\/posts\/3695","targetHints":{"allow":["GET"]}}],"collection":[{"href":"https:\/\/agora.xtec.cat\/escolacampclar\/wp-json\/wp\/v2\/posts"}],"about":[{"href":"https:\/\/agora.xtec.cat\/escolacampclar\/wp-json\/wp\/v2\/types\/post"}],"author":[{"embeddable":true,"href":"https:\/\/agora.xtec.cat\/escolacampclar\/wp-json\/wp\/v2\/users\/14"}],"replies":[{"embeddable":true,"href":"https:\/\/agora.xtec.cat\/escolacampclar\/wp-json\/wp\/v2\/comments?post=3695"}],"version-history":[{"count":1,"href":"https:\/\/agora.xtec.cat\/escolacampclar\/wp-json\/wp\/v2\/posts\/3695\/revisions"}],"predecessor-version":[{"id":3697,"href":"https:\/\/agora.xtec.cat\/escolacampclar\/wp-json\/wp\/v2\/posts\/3695\/revisions\/3697"}],"wp:featuredmedia":[{"embeddable":true,"href":"https:\/\/agora.xtec.cat\/escolacampclar\/wp-json\/wp\/v2\/media\/3696"}],"wp:attachment":[{"href":"https:\/\/agora.xtec.cat\/escolacampclar\/wp-json\/wp\/v2\/media?parent=3695"}],"wp:term":[{"taxonomy":"category","embeddable":true,"href":"https:\/\/agora.xtec.cat\/escolacampclar\/wp-json\/wp\/v2\/categories?post=3695"},{"taxonomy":"post_tag","embeddable":true,"href":"https:\/\/agora.xtec.cat\/escolacampclar\/wp-json\/wp\/v2\/tags?post=3695"}],"curies":[{"name":"wp","href":"https:\/\/api.w.org\/{rel}","templated":true}]}}