{"id":3691,"date":"2022-11-25T08:00:36","date_gmt":"2022-11-25T07:00:36","guid":{"rendered":"https:\/\/agora.xtec.cat\/escolacampclar\/?p=3691"},"modified":"2022-11-24T21:45:16","modified_gmt":"2022-11-24T20:45:16","slug":"escola-unesco","status":"publish","type":"post","link":"https:\/\/agora.xtec.cat\/escolacampclar\/general\/escola-unesco\/","title":{"rendered":"SETMANA DE LA CONVIV\u00c8NCIA"},"content":{"rendered":"<p><a href=\"https:\/\/agora.xtec.cat\/escolacampclar\/wp-content\/uploads\/usu687\/2022\/11\/UNESCO.jpg\"><img loading=\"lazy\" decoding=\"async\" class=\" wp-image-3692 aligncenter\" src=\"https:\/\/agora.xtec.cat\/escolacampclar\/wp-content\/uploads\/usu687\/2022\/11\/UNESCO-1024x819.jpg\" alt=\"\" width=\"723\" height=\"578\" srcset=\"https:\/\/agora.xtec.cat\/escolacampclar\/wp-content\/uploads\/usu687\/2022\/11\/UNESCO-1024x819.jpg 1024w, https:\/\/agora.xtec.cat\/escolacampclar\/wp-content\/uploads\/usu687\/2022\/11\/UNESCO-300x240.jpg 300w, https:\/\/agora.xtec.cat\/escolacampclar\/wp-content\/uploads\/usu687\/2022\/11\/UNESCO-768x614.jpg 768w, https:\/\/agora.xtec.cat\/escolacampclar\/wp-content\/uploads\/usu687\/2022\/11\/UNESCO-1536x1229.jpg 1536w, https:\/\/agora.xtec.cat\/escolacampclar\/wp-content\/uploads\/usu687\/2022\/11\/UNESCO.jpg 2000w\" sizes=\"auto, (max-width: 723px) 100vw, 723px\" \/><\/a><\/p>\n<p>Aquest trimestre, dins de l\u2019\u00e0mbit de la Conviv\u00e8ncia, a l\u2019escola hem treballat diferents temes, dels quals us<br \/>\nen fem un resum:<br \/>\n&#8211; Comunitat de petits: <a href=\"https:\/\/drive.google.com\/file\/d\/1EAPRJ5K7Puzvhq6Zj9WNC4LXkhsToJ_C\/view?usp=share_link\">els drets dels infants<\/a>.<br \/>\n&#8211; Comunitat de mitjans:<a href=\"https:\/\/drive.google.com\/file\/d\/13ajE1Xre-ZsMr9ajh8Qd9U42nrWdmDes\/view?usp=share_link\"> UNESCO i sostenibilitat.<\/a><br \/>\n&#8211; Comunitat dels grans: <a href=\"https:\/\/drive.google.com\/file\/d\/1L0rpofw5BAQpRWl4D8Z8xIgrgYXx1ur6\/view?usp=share_link\">eliminaci\u00f3 de la viol\u00e8ncia contra les dones.<\/a><br \/>\nA partir d\u2019aquestes tem\u00e0tiques, s\u2019han organitzat un bon seguit d\u2019activitats for\u00e7a engrescadores i motivadores, per fer ress\u00f2 dins de la nostra comunitat educativa: som Escola UNESCO des de fa molts anys i aix\u00f2 sempre ha estat el segell del nostre centre.<br \/>\nPer fer extensives totes aquestes activitats, convidem a les fam\u00edlies a qu\u00e8 participin en una jornada de portes obertes, en les quals, acompanyats dels seus fills i filles, podran observar de primera m\u00e0 els treballs realitzats: videos, murals, exposicions, materials,&#8230;<br \/>\nD\u2019aquesta manera volem presentar la nostra mirada envers aquests aspectes tan presents, encara, a la<br \/>\nnostra societat.<\/p>\n","protected":false},"excerpt":{"rendered":"<p><a href=\"https:\/\/agora.xtec.cat\/escolacampclar\/wp-content\/uploads\/usu687\/2022\/11\/UNESCO.jpg\"><\/a><br \/>\nAquest trimestre, dins de l\u2019\u00e0mbit de la Conviv\u00e8ncia, a l\u2019escola hem treballat diferents temes, dels quals us<br \/>\nen fem un resum:<br \/>\n&#8211; Comunitat de petits: <a href=\"https:\/\/drive.google.com\/file\/d\/1EAPRJ5K7Puzvhq6Zj9WNC4LXkhsToJ_C\/view?usp=share_link\">els drets dels infants<\/a>.<br \/>\n&#8211; Comunitat de mitjans:<a href=\"https:\/\/drive.google.com\/file\/d\/13ajE1Xre-ZsMr9ajh8Qd9U42nrWdmDes\/view?usp=share_link\"> UNESCO i sostenibilitat.<\/a><br \/>\n&#8211; Comunitat dels grans: <a href=\"https:\/\/drive.google.com\/file\/d\/1L0rpofw5BAQpRWl4D8Z8xIgrgYXx1ur6\/view?usp=share_link\">eliminaci\u00f3 de la viol\u00e8ncia contra&hellip;  <a href=\"https:\/\/agora.xtec.cat\/escolacampclar\/general\/escola-unesco\/\" title=\"Read SETMANA DE LA CONVIV\u00c8NCIA\">Llegeix m\u00e9s\u00bb<\/a><\/p>\n","protected":false},"author":14,"featured_media":3692,"comment_status":"open","ping_status":"closed","sticky":false,"template":"","format":"standard","meta":{"_bbp_topic_count":0,"_bbp_reply_count":0,"_bbp_total_topic_count":0,"_bbp_total_reply_count":0,"_bbp_voice_count":0,"_bbp_anonymous_reply_count":0,"_bbp_topic_count_hidden":0,"_bbp_reply_count_hidden":0,"_bbp_forum_subforum_count":0,"footnotes":""},"categories":[24,25,26,59,344,1,408],"tags":[36,37,63,42,44,359,362],"class_list":["post-3691","post","type-post","status-publish","format-standard","has-post-thumbnail","hentry","category-cicle-inicial","category-cicle-mitja","category-cicle-superior","category-infantil","category-escola-campclar","category-general","category-unesco","tag-cicle-inicial","tag-cicle-mitja-2","tag-cicle-superior","tag-educacio-infantil-2","tag-escola-campclar","tag-escola-unesco","tag-unesco"],"post_mailing_queue_ids":[],"_links":{"self":[{"href":"https:\/\/agora.xtec.cat\/escolacampclar\/wp-json\/wp\/v2\/posts\/3691","targetHints":{"allow":["GET"]}}],"collection":[{"href":"https:\/\/agora.xtec.cat\/escolacampclar\/wp-json\/wp\/v2\/posts"}],"about":[{"href":"https:\/\/agora.xtec.cat\/escolacampclar\/wp-json\/wp\/v2\/types\/post"}],"author":[{"embeddable":true,"href":"https:\/\/agora.xtec.cat\/escolacampclar\/wp-json\/wp\/v2\/users\/14"}],"replies":[{"embeddable":true,"href":"https:\/\/agora.xtec.cat\/escolacampclar\/wp-json\/wp\/v2\/comments?post=3691"}],"version-history":[{"count":3,"href":"https:\/\/agora.xtec.cat\/escolacampclar\/wp-json\/wp\/v2\/posts\/3691\/revisions"}],"predecessor-version":[{"id":3698,"href":"https:\/\/agora.xtec.cat\/escolacampclar\/wp-json\/wp\/v2\/posts\/3691\/revisions\/3698"}],"wp:featuredmedia":[{"embeddable":true,"href":"https:\/\/agora.xtec.cat\/escolacampclar\/wp-json\/wp\/v2\/media\/3692"}],"wp:attachment":[{"href":"https:\/\/agora.xtec.cat\/escolacampclar\/wp-json\/wp\/v2\/media?parent=3691"}],"wp:term":[{"taxonomy":"category","embeddable":true,"href":"https:\/\/agora.xtec.cat\/escolacampclar\/wp-json\/wp\/v2\/categories?post=3691"},{"taxonomy":"post_tag","embeddable":true,"href":"https:\/\/agora.xtec.cat\/escolacampclar\/wp-json\/wp\/v2\/tags?post=3691"}],"curies":[{"name":"wp","href":"https:\/\/api.w.org\/{rel}","templated":true}]}}