{"id":3684,"date":"2022-11-27T08:35:03","date_gmt":"2022-11-27T07:35:03","guid":{"rendered":"https:\/\/agora.xtec.cat\/escolacampclar\/?p=3684"},"modified":"2022-11-22T18:48:58","modified_gmt":"2022-11-22T17:48:58","slug":"bicicletes","status":"publish","type":"post","link":"https:\/\/agora.xtec.cat\/escolacampclar\/general\/bicicletes\/","title":{"rendered":"BICICLETES"},"content":{"rendered":"<p>A l&#8217;escola Campclar hem fet un taller d&#8217;educaci\u00f3 vi\u00e0ria amb bicicletes. Tots els alumnes han fet el paper de vianants i bicicletes per aprendre algunes de les senyals de tr\u00e0nsit. Tamb\u00e9 hem fet un petit trajecte per aprendre a controlar la bicicleta.<\/p>\n<p>En el seg\u00fcents enlla\u00e7os trobareu un recull de fotografies.<\/p>\n<p><a href=\"https:\/\/drive.google.com\/drive\/folders\/1KEpjNHYCL1BwsoBiSZR1De-GcEe_tUkn?usp=share_link\">Comunitat de mitjans (1r, 2n i 3)<\/a><\/p>\n","protected":false},"excerpt":{"rendered":"<p>A l&#8217;escola Campclar hem fet un taller d&#8217;educaci\u00f3 vi\u00e0ria amb bicicletes. Tots els alumnes han fet el paper de vianants i bicicletes per aprendre algunes de les senyals de tr\u00e0nsit. Tamb\u00e9 hem fet un petit trajecte per aprendre a controlar la bicicleta.<br \/>\nEn el seg\u00fcents enlla\u00e7os&hellip;  <a href=\"https:\/\/agora.xtec.cat\/escolacampclar\/general\/bicicletes\/\" title=\"Read BICICLETES\">Llegeix m\u00e9s\u00bb<\/a><\/p>\n","protected":false},"author":27,"featured_media":3689,"comment_status":"open","ping_status":"closed","sticky":false,"template":"","format":"standard","meta":{"_bbp_topic_count":0,"_bbp_reply_count":0,"_bbp_total_topic_count":0,"_bbp_total_reply_count":0,"_bbp_voice_count":0,"_bbp_anonymous_reply_count":0,"_bbp_topic_count_hidden":0,"_bbp_reply_count_hidden":0,"_bbp_forum_subforum_count":0,"footnotes":""},"categories":[345,24,25,26,344,1],"tags":[34,36,37],"class_list":["post-3684","post","type-post","status-publish","format-standard","has-post-thumbnail","hentry","category-campclar","category-cicle-inicial","category-cicle-mitja","category-cicle-superior","category-escola-campclar","category-general","tag-campclar","tag-cicle-inicial","tag-cicle-mitja-2"],"post_mailing_queue_ids":[],"_links":{"self":[{"href":"https:\/\/agora.xtec.cat\/escolacampclar\/wp-json\/wp\/v2\/posts\/3684","targetHints":{"allow":["GET"]}}],"collection":[{"href":"https:\/\/agora.xtec.cat\/escolacampclar\/wp-json\/wp\/v2\/posts"}],"about":[{"href":"https:\/\/agora.xtec.cat\/escolacampclar\/wp-json\/wp\/v2\/types\/post"}],"author":[{"embeddable":true,"href":"https:\/\/agora.xtec.cat\/escolacampclar\/wp-json\/wp\/v2\/users\/27"}],"replies":[{"embeddable":true,"href":"https:\/\/agora.xtec.cat\/escolacampclar\/wp-json\/wp\/v2\/comments?post=3684"}],"version-history":[{"count":3,"href":"https:\/\/agora.xtec.cat\/escolacampclar\/wp-json\/wp\/v2\/posts\/3684\/revisions"}],"predecessor-version":[{"id":3690,"href":"https:\/\/agora.xtec.cat\/escolacampclar\/wp-json\/wp\/v2\/posts\/3684\/revisions\/3690"}],"wp:featuredmedia":[{"embeddable":true,"href":"https:\/\/agora.xtec.cat\/escolacampclar\/wp-json\/wp\/v2\/media\/3689"}],"wp:attachment":[{"href":"https:\/\/agora.xtec.cat\/escolacampclar\/wp-json\/wp\/v2\/media?parent=3684"}],"wp:term":[{"taxonomy":"category","embeddable":true,"href":"https:\/\/agora.xtec.cat\/escolacampclar\/wp-json\/wp\/v2\/categories?post=3684"},{"taxonomy":"post_tag","embeddable":true,"href":"https:\/\/agora.xtec.cat\/escolacampclar\/wp-json\/wp\/v2\/tags?post=3684"}],"curies":[{"name":"wp","href":"https:\/\/api.w.org\/{rel}","templated":true}]}}