{"id":3681,"date":"2022-11-16T08:30:05","date_gmt":"2022-11-16T07:30:05","guid":{"rendered":"https:\/\/agora.xtec.cat\/escolacampclar\/?p=3681"},"modified":"2022-11-15T19:15:27","modified_gmt":"2022-11-15T18:15:27","slug":"ajuntament-de-tarragona","status":"publish","type":"post","link":"https:\/\/agora.xtec.cat\/escolacampclar\/general\/ajuntament-de-tarragona\/","title":{"rendered":"AJUNTAMENT DE TARRAGONA"},"content":{"rendered":"<p>&nbsp;<\/p>\n<p><a href=\"https:\/\/agora.xtec.cat\/escolacampclar\/wp-content\/uploads\/usu687\/2022\/11\/Ajuntament.jpg\"><img loading=\"lazy\" decoding=\"async\" class=\" wp-image-3682 aligncenter\" src=\"https:\/\/agora.xtec.cat\/escolacampclar\/wp-content\/uploads\/usu687\/2022\/11\/Ajuntament-1024x1024.jpg\" alt=\"\" width=\"490\" height=\"490\" srcset=\"https:\/\/agora.xtec.cat\/escolacampclar\/wp-content\/uploads\/usu687\/2022\/11\/Ajuntament-1024x1024.jpg 1024w, https:\/\/agora.xtec.cat\/escolacampclar\/wp-content\/uploads\/usu687\/2022\/11\/Ajuntament-300x300.jpg 300w, https:\/\/agora.xtec.cat\/escolacampclar\/wp-content\/uploads\/usu687\/2022\/11\/Ajuntament-150x150.jpg 150w, https:\/\/agora.xtec.cat\/escolacampclar\/wp-content\/uploads\/usu687\/2022\/11\/Ajuntament-768x768.jpg 768w, https:\/\/agora.xtec.cat\/escolacampclar\/wp-content\/uploads\/usu687\/2022\/11\/Ajuntament.jpg 1080w\" sizes=\"auto, (max-width: 490px) 100vw, 490px\" \/><\/a><\/p>\n<p>Aquesta setmana els alumnes de 4t han tingut una visita guiada a l&#8217;ajuntament de Tarragona.<\/p>\n<p>Ha estat una experi\u00e8ncia molt enriquidora i l&#8217;alumnat ha apr\u00e8s moltes coses, com est\u00e0 distribu\u00eft el sal\u00f3 de plens, com es reuneixen per debatre&#8230; i el que ens ha agradat molt \u00e9s poder baixar al refugi que hi ha a baix de l&#8217;ajuntament.<\/p>\n<p>A continuaci\u00f3 podeu veure un <a href=\"https:\/\/drive.google.com\/drive\/folders\/1-fqHptYYbbnNoeNG5cZCVzN-tVpDxhUD?usp=share_link\">recull de fotografies.<\/a><\/p>\n","protected":false},"excerpt":{"rendered":"<p>&nbsp;<br \/>\n<a href=\"https:\/\/agora.xtec.cat\/escolacampclar\/wp-content\/uploads\/usu687\/2022\/11\/Ajuntament.jpg\"><\/a><br \/>\nAquesta setmana els alumnes de 4t han tingut una visita guiada a l&#8217;ajuntament de Tarragona.<br \/>\nHa estat una experi\u00e8ncia molt enriquidora i l&#8217;alumnat ha apr\u00e8s moltes coses, com est\u00e0 distribu\u00eft el sal\u00f3 de plens, com es reuneixen per debatre&#8230; i el que ens ha agradat&hellip;  <a href=\"https:\/\/agora.xtec.cat\/escolacampclar\/general\/ajuntament-de-tarragona\/\" title=\"Read AJUNTAMENT DE TARRAGONA\">Llegeix m\u00e9s\u00bb<\/a><\/p>\n","protected":false},"author":14,"featured_media":3682,"comment_status":"open","ping_status":"closed","sticky":false,"template":"","format":"standard","meta":{"_bbp_topic_count":0,"_bbp_reply_count":0,"_bbp_total_topic_count":0,"_bbp_total_reply_count":0,"_bbp_voice_count":0,"_bbp_anonymous_reply_count":0,"_bbp_topic_count_hidden":0,"_bbp_reply_count_hidden":0,"_bbp_forum_subforum_count":0,"footnotes":""},"categories":[25,344,1],"tags":[37,44,55],"class_list":["post-3681","post","type-post","status-publish","format-standard","has-post-thumbnail","hentry","category-cicle-mitja","category-escola-campclar","category-general","tag-cicle-mitja-2","tag-escola-campclar","tag-tarragona"],"post_mailing_queue_ids":[],"_links":{"self":[{"href":"https:\/\/agora.xtec.cat\/escolacampclar\/wp-json\/wp\/v2\/posts\/3681","targetHints":{"allow":["GET"]}}],"collection":[{"href":"https:\/\/agora.xtec.cat\/escolacampclar\/wp-json\/wp\/v2\/posts"}],"about":[{"href":"https:\/\/agora.xtec.cat\/escolacampclar\/wp-json\/wp\/v2\/types\/post"}],"author":[{"embeddable":true,"href":"https:\/\/agora.xtec.cat\/escolacampclar\/wp-json\/wp\/v2\/users\/14"}],"replies":[{"embeddable":true,"href":"https:\/\/agora.xtec.cat\/escolacampclar\/wp-json\/wp\/v2\/comments?post=3681"}],"version-history":[{"count":1,"href":"https:\/\/agora.xtec.cat\/escolacampclar\/wp-json\/wp\/v2\/posts\/3681\/revisions"}],"predecessor-version":[{"id":3683,"href":"https:\/\/agora.xtec.cat\/escolacampclar\/wp-json\/wp\/v2\/posts\/3681\/revisions\/3683"}],"wp:featuredmedia":[{"embeddable":true,"href":"https:\/\/agora.xtec.cat\/escolacampclar\/wp-json\/wp\/v2\/media\/3682"}],"wp:attachment":[{"href":"https:\/\/agora.xtec.cat\/escolacampclar\/wp-json\/wp\/v2\/media?parent=3681"}],"wp:term":[{"taxonomy":"category","embeddable":true,"href":"https:\/\/agora.xtec.cat\/escolacampclar\/wp-json\/wp\/v2\/categories?post=3681"},{"taxonomy":"post_tag","embeddable":true,"href":"https:\/\/agora.xtec.cat\/escolacampclar\/wp-json\/wp\/v2\/tags?post=3681"}],"curies":[{"name":"wp","href":"https:\/\/api.w.org\/{rel}","templated":true}]}}