{"id":3678,"date":"2022-11-15T08:30:53","date_gmt":"2022-11-15T07:30:53","guid":{"rendered":"https:\/\/agora.xtec.cat\/escolacampclar\/?p=3678"},"modified":"2022-11-14T19:29:20","modified_gmt":"2022-11-14T18:29:20","slug":"exposicio-miralls-al-cosmo-caixa","status":"publish","type":"post","link":"https:\/\/agora.xtec.cat\/escolacampclar\/general\/exposicio-miralls-al-cosmo-caixa\/","title":{"rendered":"Exposici\u00f3 Miralls al Cosmo\u00a0Caixa"},"content":{"rendered":"<p><a href=\"https:\/\/agora.xtec.cat\/escolacampclar\/wp-content\/uploads\/usu687\/2022\/11\/Exposicio-Miralls-al-Cosmo-Caixa.jpg\"><img loading=\"lazy\" decoding=\"async\" class=\" wp-image-3679 aligncenter\" src=\"https:\/\/agora.xtec.cat\/escolacampclar\/wp-content\/uploads\/usu687\/2022\/11\/Exposicio-Miralls-al-Cosmo-Caixa-819x1024.jpg\" alt=\"\" width=\"535\" height=\"669\" srcset=\"https:\/\/agora.xtec.cat\/escolacampclar\/wp-content\/uploads\/usu687\/2022\/11\/Exposicio-Miralls-al-Cosmo-Caixa-819x1024.jpg 819w, https:\/\/agora.xtec.cat\/escolacampclar\/wp-content\/uploads\/usu687\/2022\/11\/Exposicio-Miralls-al-Cosmo-Caixa-240x300.jpg 240w, https:\/\/agora.xtec.cat\/escolacampclar\/wp-content\/uploads\/usu687\/2022\/11\/Exposicio-Miralls-al-Cosmo-Caixa-768x960.jpg 768w, https:\/\/agora.xtec.cat\/escolacampclar\/wp-content\/uploads\/usu687\/2022\/11\/Exposicio-Miralls-al-Cosmo-Caixa.jpg 1080w\" sizes=\"auto, (max-width: 535px) 100vw, 535px\" \/><\/a><\/p>\n<p>L&#8217;alumant de 6\u00e8 ha anat a veure l&#8217;exposici\u00f3 Miralls, on ens han explicat i hem pogut observar i experimentar en torn a diferents fen\u00f2mens relatius als miralls, com en el llibre de Lewis Carroll: Through the looking glass<\/p>\n<p>A continuaci\u00f3 podeu veure <a href=\"https:\/\/drive.google.com\/drive\/folders\/1XMtsfJEFrVPZHUWfrYlfdeNT5OpA9HOe?usp=share_link\">recull de fotografies.<\/a><\/p>\n","protected":false},"excerpt":{"rendered":"<p><a href=\"https:\/\/agora.xtec.cat\/escolacampclar\/wp-content\/uploads\/usu687\/2022\/11\/Exposicio-Miralls-al-Cosmo-Caixa.jpg\"><\/a><br \/>\nL&#8217;alumant de 6\u00e8 ha anat a veure l&#8217;exposici\u00f3 Miralls, on ens han explicat i hem pogut observar i experimentar en torn a diferents fen\u00f2mens relatius als miralls, com en el llibre de Lewis Carroll: Through the looking glass<br \/>\nA continuaci\u00f3 podeu veure <a href=\"https:\/\/drive.google.com\/drive\/folders\/1XMtsfJEFrVPZHUWfrYlfdeNT5OpA9HOe?usp=share_link\">recull de&hellip;  <a href=\"https:\/\/agora.xtec.cat\/escolacampclar\/general\/exposicio-miralls-al-cosmo-caixa\/\" title=\"Read Exposici\u00f3 Miralls al Cosmo\u00a0Caixa\">Llegeix m\u00e9s\u00bb<\/a><\/p>\n","protected":false},"author":14,"featured_media":3679,"comment_status":"open","ping_status":"closed","sticky":false,"template":"","format":"standard","meta":{"_bbp_topic_count":0,"_bbp_reply_count":0,"_bbp_total_topic_count":0,"_bbp_total_reply_count":0,"_bbp_voice_count":0,"_bbp_anonymous_reply_count":0,"_bbp_topic_count_hidden":0,"_bbp_reply_count_hidden":0,"_bbp_forum_subforum_count":0,"footnotes":""},"categories":[26,344,1],"tags":[63,55],"class_list":["post-3678","post","type-post","status-publish","format-standard","has-post-thumbnail","hentry","category-cicle-superior","category-escola-campclar","category-general","tag-cicle-superior","tag-tarragona"],"post_mailing_queue_ids":[],"_links":{"self":[{"href":"https:\/\/agora.xtec.cat\/escolacampclar\/wp-json\/wp\/v2\/posts\/3678","targetHints":{"allow":["GET"]}}],"collection":[{"href":"https:\/\/agora.xtec.cat\/escolacampclar\/wp-json\/wp\/v2\/posts"}],"about":[{"href":"https:\/\/agora.xtec.cat\/escolacampclar\/wp-json\/wp\/v2\/types\/post"}],"author":[{"embeddable":true,"href":"https:\/\/agora.xtec.cat\/escolacampclar\/wp-json\/wp\/v2\/users\/14"}],"replies":[{"embeddable":true,"href":"https:\/\/agora.xtec.cat\/escolacampclar\/wp-json\/wp\/v2\/comments?post=3678"}],"version-history":[{"count":1,"href":"https:\/\/agora.xtec.cat\/escolacampclar\/wp-json\/wp\/v2\/posts\/3678\/revisions"}],"predecessor-version":[{"id":3680,"href":"https:\/\/agora.xtec.cat\/escolacampclar\/wp-json\/wp\/v2\/posts\/3678\/revisions\/3680"}],"wp:featuredmedia":[{"embeddable":true,"href":"https:\/\/agora.xtec.cat\/escolacampclar\/wp-json\/wp\/v2\/media\/3679"}],"wp:attachment":[{"href":"https:\/\/agora.xtec.cat\/escolacampclar\/wp-json\/wp\/v2\/media?parent=3678"}],"wp:term":[{"taxonomy":"category","embeddable":true,"href":"https:\/\/agora.xtec.cat\/escolacampclar\/wp-json\/wp\/v2\/categories?post=3678"},{"taxonomy":"post_tag","embeddable":true,"href":"https:\/\/agora.xtec.cat\/escolacampclar\/wp-json\/wp\/v2\/tags?post=3678"}],"curies":[{"name":"wp","href":"https:\/\/api.w.org\/{rel}","templated":true}]}}