{"id":3668,"date":"2022-11-08T12:47:12","date_gmt":"2022-11-08T11:47:12","guid":{"rendered":"https:\/\/agora.xtec.cat\/escolacampclar\/?p=3668"},"modified":"2022-11-08T12:47:54","modified_gmt":"2022-11-08T11:47:54","slug":"comencem-amb-les-assemblees-dalumnat","status":"publish","type":"post","link":"https:\/\/agora.xtec.cat\/escolacampclar\/general\/comencem-amb-les-assemblees-dalumnat\/","title":{"rendered":"COMENCEM AMB LES ASSEMBLEES D&#8217;ALUMNAT"},"content":{"rendered":"<p>El divendres 4 de novembre vam celebrar la primera assemblea del curs 2022-23. A la mateixa van assistir els representants de cada classe de 1r a 6\u00e8 de prim\u00e0ria i la directora de l&#8217;escola.<\/p>\n<p>Les assemblees s\u00f3n espais participatius, de debat on els infants comparteixen els temes parlats a cada aula. Normalment s\u00f3n aspectes que els preocupa o que no funcionen i s&#8217;han de millorar, felicitacions,<span style=\"font-family: inherit; font-size: 1em;\"> peticions&#8230;etc. tot donant alternatives i establint acords.<\/span><\/p>\n<p>Aspectes com els estornells\u00a0 que embruten l&#8217;espai de l&#8217;hort, la petici\u00f3 de sortides i de joguines pel pati, de millora del mobiliari, les persianes i dels equipaments inform\u00e0tics entre d&#8217;altres, van ser els temes debatuts en aquesta assemblea. Esperem poder estar a l&#8217;al\u00e7ada d&#8217;aquests participants tan exigents.<\/p>\n","protected":false},"excerpt":{"rendered":"<p>El divendres 4 de novembre vam celebrar la primera assemblea del curs 2022-23. A la mateixa van assistir els representants de cada classe de 1r a 6\u00e8 de prim\u00e0ria i la directora de l&#8217;escola.<br \/>\nLes assemblees s\u00f3n espais participatius, de debat on els infants comparteixen els&hellip;  <a href=\"https:\/\/agora.xtec.cat\/escolacampclar\/general\/comencem-amb-les-assemblees-dalumnat\/\" title=\"Read COMENCEM AMB LES ASSEMBLEES D&#8217;ALUMNAT\">Llegeix m\u00e9s\u00bb<\/a><\/p>\n","protected":false},"author":26,"featured_media":3669,"comment_status":"open","ping_status":"closed","sticky":false,"template":"","format":"standard","meta":{"_bbp_topic_count":0,"_bbp_reply_count":0,"_bbp_total_topic_count":0,"_bbp_total_reply_count":0,"_bbp_voice_count":0,"_bbp_anonymous_reply_count":0,"_bbp_topic_count_hidden":0,"_bbp_reply_count_hidden":0,"_bbp_forum_subforum_count":0,"footnotes":""},"categories":[1],"tags":[],"class_list":["post-3668","post","type-post","status-publish","format-standard","has-post-thumbnail","hentry","category-general"],"post_mailing_queue_ids":[],"_links":{"self":[{"href":"https:\/\/agora.xtec.cat\/escolacampclar\/wp-json\/wp\/v2\/posts\/3668","targetHints":{"allow":["GET"]}}],"collection":[{"href":"https:\/\/agora.xtec.cat\/escolacampclar\/wp-json\/wp\/v2\/posts"}],"about":[{"href":"https:\/\/agora.xtec.cat\/escolacampclar\/wp-json\/wp\/v2\/types\/post"}],"author":[{"embeddable":true,"href":"https:\/\/agora.xtec.cat\/escolacampclar\/wp-json\/wp\/v2\/users\/26"}],"replies":[{"embeddable":true,"href":"https:\/\/agora.xtec.cat\/escolacampclar\/wp-json\/wp\/v2\/comments?post=3668"}],"version-history":[{"count":3,"href":"https:\/\/agora.xtec.cat\/escolacampclar\/wp-json\/wp\/v2\/posts\/3668\/revisions"}],"predecessor-version":[{"id":3674,"href":"https:\/\/agora.xtec.cat\/escolacampclar\/wp-json\/wp\/v2\/posts\/3668\/revisions\/3674"}],"wp:featuredmedia":[{"embeddable":true,"href":"https:\/\/agora.xtec.cat\/escolacampclar\/wp-json\/wp\/v2\/media\/3669"}],"wp:attachment":[{"href":"https:\/\/agora.xtec.cat\/escolacampclar\/wp-json\/wp\/v2\/media?parent=3668"}],"wp:term":[{"taxonomy":"category","embeddable":true,"href":"https:\/\/agora.xtec.cat\/escolacampclar\/wp-json\/wp\/v2\/categories?post=3668"},{"taxonomy":"post_tag","embeddable":true,"href":"https:\/\/agora.xtec.cat\/escolacampclar\/wp-json\/wp\/v2\/tags?post=3668"}],"curies":[{"name":"wp","href":"https:\/\/api.w.org\/{rel}","templated":true}]}}