{"id":3653,"date":"2022-10-24T21:02:46","date_gmt":"2022-10-24T19:02:46","guid":{"rendered":"https:\/\/agora.xtec.cat\/escolacampclar\/?p=3653"},"modified":"2022-10-24T21:02:46","modified_gmt":"2022-10-24T19:02:46","slug":"enregistrament-de-lhimne-de-lescola","status":"publish","type":"post","link":"https:\/\/agora.xtec.cat\/escolacampclar\/general\/enregistrament-de-lhimne-de-lescola\/","title":{"rendered":"Enregistrament de l&#8217;Himne de l&#8217;Escola"},"content":{"rendered":"<p>&nbsp;<\/p>\n<p><a href=\"https:\/\/agora.xtec.cat\/escolacampclar\/wp-content\/uploads\/usu687\/2022\/10\/HIMNE-DE-LESCOLA-1-1.jpg\"><img loading=\"lazy\" decoding=\"async\" class=\" wp-image-3655 aligncenter\" src=\"https:\/\/agora.xtec.cat\/escolacampclar\/wp-content\/uploads\/usu687\/2022\/10\/HIMNE-DE-LESCOLA-1-1-1024x819.jpg\" alt=\"\" width=\"765\" height=\"612\" srcset=\"https:\/\/agora.xtec.cat\/escolacampclar\/wp-content\/uploads\/usu687\/2022\/10\/HIMNE-DE-LESCOLA-1-1-1024x819.jpg 1024w, https:\/\/agora.xtec.cat\/escolacampclar\/wp-content\/uploads\/usu687\/2022\/10\/HIMNE-DE-LESCOLA-1-1-300x240.jpg 300w, https:\/\/agora.xtec.cat\/escolacampclar\/wp-content\/uploads\/usu687\/2022\/10\/HIMNE-DE-LESCOLA-1-1-768x614.jpg 768w, https:\/\/agora.xtec.cat\/escolacampclar\/wp-content\/uploads\/usu687\/2022\/10\/HIMNE-DE-LESCOLA-1-1-1536x1229.jpg 1536w, https:\/\/agora.xtec.cat\/escolacampclar\/wp-content\/uploads\/usu687\/2022\/10\/HIMNE-DE-LESCOLA-1-1.jpg 2000w\" sizes=\"auto, (max-width: 765px) 100vw, 765px\" \/><\/a><\/p>\n<p>Avui l&#8217;alumnat de 6\u00e8 ha anat al Camp d\u2019Aprenentatge Pau Casals de Coma-ruga a enregistrar l&#8217;Himne de l&#8217;escola Campclar. Tamb\u00e9 ha realitzat 2 tallers, un de creaci\u00f3 art\u00edstica i altre de l&#8217;ac\u00fastica del so. Una experi\u00e8ncia molt divertida i enriquidora.<\/p>\n<p>A continuaci\u00f3 es podr\u00e0 veure un <a href=\"https:\/\/drive.google.com\/drive\/folders\/1-7-hyxeFKNLRALAGUk9g_p7Si2Sdstnh?usp=sharing\">recull de fotografies.\u00a0<\/a><\/p>\n","protected":false},"excerpt":{"rendered":"<p>&nbsp;<br \/>\n<a href=\"https:\/\/agora.xtec.cat\/escolacampclar\/wp-content\/uploads\/usu687\/2022\/10\/HIMNE-DE-LESCOLA-1-1.jpg\"><\/a><br \/>\nAvui l&#8217;alumnat de 6\u00e8 ha anat al Camp d\u2019Aprenentatge Pau Casals de Coma-ruga a enregistrar l&#8217;Himne de l&#8217;escola Campclar. Tamb\u00e9 ha realitzat 2 tallers, un de creaci\u00f3 art\u00edstica i altre de l&#8217;ac\u00fastica del so. Una experi\u00e8ncia molt divertida i enriquidora.<br \/>\nA continuaci\u00f3 es podr\u00e0 veure&hellip;  <a href=\"https:\/\/agora.xtec.cat\/escolacampclar\/general\/enregistrament-de-lhimne-de-lescola\/\" title=\"Read Enregistrament de l&#8217;Himne de l&#8217;Escola\">Llegeix m\u00e9s\u00bb<\/a><\/p>\n","protected":false},"author":14,"featured_media":3655,"comment_status":"open","ping_status":"closed","sticky":false,"template":"","format":"standard","meta":{"_bbp_topic_count":0,"_bbp_reply_count":0,"_bbp_total_topic_count":0,"_bbp_total_reply_count":0,"_bbp_voice_count":0,"_bbp_anonymous_reply_count":0,"_bbp_topic_count_hidden":0,"_bbp_reply_count_hidden":0,"_bbp_forum_subforum_count":0,"footnotes":""},"categories":[26,344,1],"tags":[63,44],"class_list":["post-3653","post","type-post","status-publish","format-standard","has-post-thumbnail","hentry","category-cicle-superior","category-escola-campclar","category-general","tag-cicle-superior","tag-escola-campclar"],"post_mailing_queue_ids":[],"_links":{"self":[{"href":"https:\/\/agora.xtec.cat\/escolacampclar\/wp-json\/wp\/v2\/posts\/3653","targetHints":{"allow":["GET"]}}],"collection":[{"href":"https:\/\/agora.xtec.cat\/escolacampclar\/wp-json\/wp\/v2\/posts"}],"about":[{"href":"https:\/\/agora.xtec.cat\/escolacampclar\/wp-json\/wp\/v2\/types\/post"}],"author":[{"embeddable":true,"href":"https:\/\/agora.xtec.cat\/escolacampclar\/wp-json\/wp\/v2\/users\/14"}],"replies":[{"embeddable":true,"href":"https:\/\/agora.xtec.cat\/escolacampclar\/wp-json\/wp\/v2\/comments?post=3653"}],"version-history":[{"count":1,"href":"https:\/\/agora.xtec.cat\/escolacampclar\/wp-json\/wp\/v2\/posts\/3653\/revisions"}],"predecessor-version":[{"id":3656,"href":"https:\/\/agora.xtec.cat\/escolacampclar\/wp-json\/wp\/v2\/posts\/3653\/revisions\/3656"}],"wp:featuredmedia":[{"embeddable":true,"href":"https:\/\/agora.xtec.cat\/escolacampclar\/wp-json\/wp\/v2\/media\/3655"}],"wp:attachment":[{"href":"https:\/\/agora.xtec.cat\/escolacampclar\/wp-json\/wp\/v2\/media?parent=3653"}],"wp:term":[{"taxonomy":"category","embeddable":true,"href":"https:\/\/agora.xtec.cat\/escolacampclar\/wp-json\/wp\/v2\/categories?post=3653"},{"taxonomy":"post_tag","embeddable":true,"href":"https:\/\/agora.xtec.cat\/escolacampclar\/wp-json\/wp\/v2\/tags?post=3653"}],"curies":[{"name":"wp","href":"https:\/\/api.w.org\/{rel}","templated":true}]}}